{"id":151,"date":"2025-01-27T15:43:24","date_gmt":"2025-01-27T14:43:24","guid":{"rendered":"https:\/\/www.pfadfinder-diessen.de\/?p=151"},"modified":"2025-12-08T20:08:13","modified_gmt":"2025-12-08T19:08:13","slug":"neue-kindergruppe-startet-am-14-03-2025","status":"publish","type":"post","link":"https:\/\/www.pfadfinder-diessen.de\/index.php\/2025\/01\/27\/neue-kindergruppe-startet-am-14-03-2025\/","title":{"rendered":"Neue Kindergruppe startet am 14.03.2025"},"content":{"rendered":"\n<p>Endlich geht es los: Unsere neue Gruppe f\u00fcr Kinder zwischen 7 und 9 Jahren startet am 14.03.2025 um 15:00 Uhr im evangelischen Gemeindehaus Die\u00dfen, Fischermartlstr. 14! Nachdem wir lange aufgrund des hohen Andranges l\u00e4nger keine weiteren Kinder aufnehmen konnten, haben wir mit Stefanie Wank (Kinderg\u00e4rtnerin aus Landsberg) und Jonathan Englmeier (Ingenieur &amp; Rettungssanit\u00e4ter aus Die\u00dfen) zwei engagierte und erfahrene Gruppenleiter mit langem Pfadfinderhintergrund gefunden, die f\u00fcr uns eine weitere Gruppe starten. Kinder von der Warteliste werden bevorzugt aufgenommen, und auch hier sind die begehrten Pl\u00e4tze leider begrenzt. Aber noch sind einige Pl\u00e4tze frei! Wir freuen uns auf M\u00e4dchen und Jungen zum Toben, Spielen, Basteln, Singen und noch viel mehr! Wir machen Feuer, kochen, backen, nutzen den riesigen Garten und matschen im Sandkasten! Die Gruppenstunden finden bei jedem Wetter statt, au\u00dfer in den Schulferien oder an Feiertagen. Um vorherige Anmeldung \u00fcber <a href=\"mailto:info@pfadfinder-diessen.de\">info@pfadfinder-diessen.de<\/a> wird gebeten.<\/p>\n","protected":false},"excerpt":{"rendered":"<p>Endlich geht es los: Unsere neue Gruppe f\u00fcr Kinder zwischen 7 und 9 Jahren startet am 14.03.2025 um 15:00 Uhr im evangelischen Gemeindehaus Die\u00dfen, Fischermartlstr. 14! Nachdem wir lange aufgrund des hohen Andranges l\u00e4nger keine weiteren Kinder aufnehmen konnten, haben wir mit Stefanie Wank (Kinderg\u00e4rtnerin aus Landsberg) und Jonathan Englmeier (Ingenieur &amp; Rettungssanit\u00e4ter aus Die\u00dfen) [&hellip;]<\/p>\n","protected":false},"author":4,"featured_media":153,"comment_status":"closed","ping_status":"closed","sticky":false,"template":"","format":"standard","meta":{"footnotes":""},"categories":[18],"tags":[17,16,19],"class_list":["post-151","post","type-post","status-publish","format-standard","has-post-thumbnail","hentry","category-gruppen","tag-kindergruppe","tag-neue-gruppe","tag-woelflinge"],"_links":{"self":[{"href":"https:\/\/www.pfadfinder-diessen.de\/index.php\/wp-json\/wp\/v2\/posts\/151","targetHints":{"allow":["GET"]}}],"collection":[{"href":"https:\/\/www.pfadfinder-diessen.de\/index.php\/wp-json\/wp\/v2\/posts"}],"about":[{"href":"https:\/\/www.pfadfinder-diessen.de\/index.php\/wp-json\/wp\/v2\/types\/post"}],"author":[{"embeddable":true,"href":"https:\/\/www.pfadfinder-diessen.de\/index.php\/wp-json\/wp\/v2\/users\/4"}],"replies":[{"embeddable":true,"href":"https:\/\/www.pfadfinder-diessen.de\/index.php\/wp-json\/wp\/v2\/comments?post=151"}],"version-history":[{"count":5,"href":"https:\/\/www.pfadfinder-diessen.de\/index.php\/wp-json\/wp\/v2\/posts\/151\/revisions"}],"predecessor-version":[{"id":158,"href":"https:\/\/www.pfadfinder-diessen.de\/index.php\/wp-json\/wp\/v2\/posts\/151\/revisions\/158"}],"wp:featuredmedia":[{"embeddable":true,"href":"https:\/\/www.pfadfinder-diessen.de\/index.php\/wp-json\/wp\/v2\/media\/153"}],"wp:attachment":[{"href":"https:\/\/www.pfadfinder-diessen.de\/index.php\/wp-json\/wp\/v2\/media?parent=151"}],"wp:term":[{"taxonomy":"category","embeddable":true,"href":"https:\/\/www.pfadfinder-diessen.de\/index.php\/wp-json\/wp\/v2\/categories?post=151"},{"taxonomy":"post_tag","embeddable":true,"href":"https:\/\/www.pfadfinder-diessen.de\/index.php\/wp-json\/wp\/v2\/tags?post=151"}],"curies":[{"name":"wp","href":"https:\/\/api.w.org\/{rel}","templated":true}]}}