{"id":365,"date":"2025-11-07T11:25:00","date_gmt":"2025-11-07T10:25:00","guid":{"rendered":"https:\/\/www.pfadfinder-diessen.de\/?p=365"},"modified":"2025-12-08T20:08:12","modified_gmt":"2025-12-08T19:08:12","slug":"grossfahrt-2025-in-norwegen","status":"publish","type":"post","link":"https:\/\/www.pfadfinder-diessen.de\/index.php\/2025\/11\/07\/grossfahrt-2025-in-norwegen\/","title":{"rendered":"Gro\u00dffahrt 2025 in Norwegen"},"content":{"rendered":"\n<p>Wie berichtet man von einer Gro\u00dffahrt? Das nenne ich mal eine Herausforderung! Erstmal die Eckpunkte: Wir waren 8 Wanderfalken, 4 Eulen und 4 Leiter*innen und Leiter aus verschiedenen Gruppen. Wir waren vom 14. &#8211; 31. August unterwegs. Und der Rest in chronologischer Reihenfolge:<\/p>\n\n\n\n<h2 class=\"wp-block-heading\">14.08.25<\/h2>\n\n\n\n<figure class=\"wp-block-image vcp-st-has-source size-large\"><span class=\"vcp-st-media-source\" style=\"--vcp-st-image-width: 1024px; --vcp-st-image-height: 768px\">Quelle: Stefan Hallmann<\/span><img loading=\"lazy\" decoding=\"async\" width=\"1024\" height=\"768\" src=\"https:\/\/www.pfadfinder-diessen.de\/wp-content\/uploads\/2025\/10\/2025-08-14_20-44-42_0002_Grossfahrt25-1024x768.jpg\" alt=\"\" class=\"wp-image-369\" srcset=\"https:\/\/www.pfadfinder-diessen.de\/wp-content\/uploads\/2025\/10\/2025-08-14_20-44-42_0002_Grossfahrt25-1024x768.jpg 1024w, https:\/\/www.pfadfinder-diessen.de\/wp-content\/uploads\/2025\/10\/2025-08-14_20-44-42_0002_Grossfahrt25-300x225.jpg 300w, https:\/\/www.pfadfinder-diessen.de\/wp-content\/uploads\/2025\/10\/2025-08-14_20-44-42_0002_Grossfahrt25-768x576.jpg 768w, https:\/\/www.pfadfinder-diessen.de\/wp-content\/uploads\/2025\/10\/2025-08-14_20-44-42_0002_Grossfahrt25-1536x1152.jpg 1536w, https:\/\/www.pfadfinder-diessen.de\/wp-content\/uploads\/2025\/10\/2025-08-14_20-44-42_0002_Grossfahrt25-2048x1536.jpg 2048w, https:\/\/www.pfadfinder-diessen.de\/wp-content\/uploads\/2025\/10\/2025-08-14_20-44-42_0002_Grossfahrt25-scaled-1440x1080.jpg 1440w, https:\/\/www.pfadfinder-diessen.de\/wp-content\/uploads\/2025\/10\/2025-08-14_20-44-42_0002_Grossfahrt25-scaled-1200x900.jpg 1200w, https:\/\/www.pfadfinder-diessen.de\/wp-content\/uploads\/2025\/10\/2025-08-14_20-44-42_0002_Grossfahrt25-scaled-620x465.jpg 620w, https:\/\/www.pfadfinder-diessen.de\/wp-content\/uploads\/2025\/10\/2025-08-14_20-44-42_0002_Grossfahrt25-scaled-400x300.jpg 400w, https:\/\/www.pfadfinder-diessen.de\/wp-content\/uploads\/2025\/10\/2025-08-14_20-44-42_0002_Grossfahrt25-scaled.jpg 1920w\" sizes=\"auto, (max-width: 1024px) 100vw, 1024px\" \/><\/figure>\n\n\n\n<p>Wir trafen uns im Laufe des Nachmittags in Die\u00dfen, am Bahnhof. Durch Probleme mit dem Schienenersatzverkehr nach Weilheim hatten wir direkt am Anfang unserer Reise eine Stunde Versp\u00e4tung, den Anschluss in M\u00fcnchen haben wir aber aufgrund genug Reserve dennoch erreicht. Die Nacht im Zug war zerm\u00fcrbend und unbequem, und es gab nur wenige Stunden Schlaf f\u00fcr uns alle, wenn \u00fcberhaupt. Dennoch hat alles geklappt, wir haben im Zug Hamburger Pfadis kennengelernt.<\/p>\n\n\n\n<h2 class=\"wp-block-heading\">15.08.25<\/h2>\n\n\n\n<figure class=\"wp-block-image vcp-st-has-source size-large\"><span class=\"vcp-st-media-source\" style=\"--vcp-st-image-width: 1024px; --vcp-st-image-height: 771px\">Quelle: Stefan Hallmann<\/span><img loading=\"lazy\" decoding=\"async\" width=\"1024\" height=\"771\" src=\"https:\/\/www.pfadfinder-diessen.de\/wp-content\/uploads\/2025\/10\/2025-08-15_12-12-49_0014_Grossfahrt25-1024x771.jpg\" alt=\"\" class=\"wp-image-371\" srcset=\"https:\/\/www.pfadfinder-diessen.de\/wp-content\/uploads\/2025\/10\/2025-08-15_12-12-49_0014_Grossfahrt25-1024x771.jpg 1024w, https:\/\/www.pfadfinder-diessen.de\/wp-content\/uploads\/2025\/10\/2025-08-15_12-12-49_0014_Grossfahrt25-300x226.jpg 300w, https:\/\/www.pfadfinder-diessen.de\/wp-content\/uploads\/2025\/10\/2025-08-15_12-12-49_0014_Grossfahrt25-768x578.jpg 768w, https:\/\/www.pfadfinder-diessen.de\/wp-content\/uploads\/2025\/10\/2025-08-15_12-12-49_0014_Grossfahrt25-1536x1157.jpg 1536w, https:\/\/www.pfadfinder-diessen.de\/wp-content\/uploads\/2025\/10\/2025-08-15_12-12-49_0014_Grossfahrt25-2048x1542.jpg 2048w, https:\/\/www.pfadfinder-diessen.de\/wp-content\/uploads\/2025\/10\/2025-08-15_12-12-49_0014_Grossfahrt25-scaled-400x300.jpg 400w, https:\/\/www.pfadfinder-diessen.de\/wp-content\/uploads\/2025\/10\/2025-08-15_12-12-49_0014_Grossfahrt25-scaled.jpg 1920w\" sizes=\"auto, (max-width: 1024px) 100vw, 1024px\" \/><\/figure>\n\n\n\n<p>In Hamburg angekommen erwarteten wir, unseren Anschluss nur noch von hinten zu sehen, aber das D\u00e4nisch-Deutsche Zugpersonal wartete sogar mit der Abfahrt, bis wir an unser Ende des Anschlusszugs geeilt waren. Mit einem Fr\u00fchst\u00fcck, ein bisschen Reisekrankheit und dem ein oder anderen Nickerchen im bequemen EC gings dann nach Kopenhagen. Das Zugpersonal war nett und aufmerksam, die Durchsagen witzig. Dort angekommen gings dann mit der S-Bahn zum Nordhafen, von dort in etwa 15 Minuten Fu\u00dfweg zum F\u00e4hrterminal. Dann erstmal ein Snack und die Boardingtickets abholen &#8211; und nat\u00fcrlich Schafkopfen. Nach dem Boarding bezogen wir unsere Zimmer. Nach einem gemeinsames Abendessen auf dem Oberdeck im Wind genossen wir ein richtiges Bett und eine Dusche.<\/p>\n\n\n\n<h2 class=\"wp-block-heading\">16.08.25<\/h2>\n\n\n\n<figure class=\"wp-block-image vcp-st-has-source size-large\"><span class=\"vcp-st-media-source\" style=\"--vcp-st-image-width: 1024px; --vcp-st-image-height: 768px\">Quelle: Stefan Hallmann<\/span><img loading=\"lazy\" decoding=\"async\" width=\"1024\" height=\"768\" src=\"https:\/\/www.pfadfinder-diessen.de\/wp-content\/uploads\/2025\/10\/2025-08-16_11-49-38_0076_Grossfahrt25-1024x768.jpg\" alt=\"\" class=\"wp-image-376\" srcset=\"https:\/\/www.pfadfinder-diessen.de\/wp-content\/uploads\/2025\/10\/2025-08-16_11-49-38_0076_Grossfahrt25-1024x768.jpg 1024w, https:\/\/www.pfadfinder-diessen.de\/wp-content\/uploads\/2025\/10\/2025-08-16_11-49-38_0076_Grossfahrt25-300x225.jpg 300w, https:\/\/www.pfadfinder-diessen.de\/wp-content\/uploads\/2025\/10\/2025-08-16_11-49-38_0076_Grossfahrt25-768x576.jpg 768w, https:\/\/www.pfadfinder-diessen.de\/wp-content\/uploads\/2025\/10\/2025-08-16_11-49-38_0076_Grossfahrt25-1536x1152.jpg 1536w, https:\/\/www.pfadfinder-diessen.de\/wp-content\/uploads\/2025\/10\/2025-08-16_11-49-38_0076_Grossfahrt25-2048x1536.jpg 2048w, https:\/\/www.pfadfinder-diessen.de\/wp-content\/uploads\/2025\/10\/2025-08-16_11-49-38_0076_Grossfahrt25-scaled-1440x1080.jpg 1440w, https:\/\/www.pfadfinder-diessen.de\/wp-content\/uploads\/2025\/10\/2025-08-16_11-49-38_0076_Grossfahrt25-scaled-1200x900.jpg 1200w, https:\/\/www.pfadfinder-diessen.de\/wp-content\/uploads\/2025\/10\/2025-08-16_11-49-38_0076_Grossfahrt25-scaled-620x465.jpg 620w, https:\/\/www.pfadfinder-diessen.de\/wp-content\/uploads\/2025\/10\/2025-08-16_11-49-38_0076_Grossfahrt25-scaled-400x300.jpg 400w, https:\/\/www.pfadfinder-diessen.de\/wp-content\/uploads\/2025\/10\/2025-08-16_11-49-38_0076_Grossfahrt25-scaled.jpg 1920w\" sizes=\"auto, (max-width: 1024px) 100vw, 1024px\" \/><figcaption class=\"wp-element-caption\">Los gehts!<\/figcaption><\/figure>\n\n\n\n<p>Nach dem Fr\u00fchst\u00fccksbuffet auf der F\u00e4hre kamen wir in Oslo an. Wir trennten uns in die Gruppen auf &#8211; M\u00e4delsgruppe mit Katha, Jungsgruppe mit Apaxhee und Kex, und eine Erwachsenengruppe. Da sich die Wege und Routen sehr unterschieden, unterscheiden sich auch die Erinnerungen ab diesen Zeitpunkt deutlich: Die M\u00e4dels sind Paddeln auf dem Farris gewesen, die Jungsgruppe auf dem westlichen und die Erwachsenengruppe auf dem \u00f6stlichen St.-Olavsleden am Mj\u00f8sa entlang gehaijkt. Deswegen: Schauts euch gerne auch die Gallerie unten an!<\/p>\n\n\n\n<p>Die Jungs haben Momo eingesammelt, der mit dem Boot in Schweden abgesetzt wurde und in Oslo zu Ihnen stie\u00df. Dann haben sie nach etwas hin- und her den richtigen Weg erreicht und \u00c4pfel und Trinkwasser gefunden und gelagert.<\/p>\n\n\n\n<p>Die M\u00e4dels haben andere Pfadis getroffen, die auf der Heimreise nach Deutschland waren und ein historisches Wikingerschiff begutachtet. Zum Abendessen und \u00dcbernachten wurden sie zu befreundeten Pfadis eingeladen.<\/p>\n\n\n\n<p>Die Leitergruppe hatte ziemlich mit den beiden Lagerkisten zu k\u00e4mpfen, die sie zu dritt durch Oslo wuchten mussten, bis sie endlich in einem Hotel abgestellt und gelagert werden konnten. Nach einem guten Start haben sie dann einen Shelter mit super Aussicht mit \u00d6sterreichern geteilt.<\/p>\n\n\n\n<h2 class=\"wp-block-heading\">17.08.25<\/h2>\n\n\n\n<figure class=\"wp-block-image vcp-st-has-source size-large\"><span class=\"vcp-st-media-source\" style=\"--vcp-st-image-width: 1024px; --vcp-st-image-height: 768px\">Quelle: Max Daeschner<\/span><img loading=\"lazy\" decoding=\"async\" width=\"1024\" height=\"768\" src=\"https:\/\/www.pfadfinder-diessen.de\/wp-content\/uploads\/2025\/10\/2025-08-19_19-24-55_0127_Grossfahrt25-1024x768.jpg\" alt=\"\" class=\"wp-image-405\" srcset=\"https:\/\/www.pfadfinder-diessen.de\/wp-content\/uploads\/2025\/10\/2025-08-19_19-24-55_0127_Grossfahrt25-1024x768.jpg 1024w, https:\/\/www.pfadfinder-diessen.de\/wp-content\/uploads\/2025\/10\/2025-08-19_19-24-55_0127_Grossfahrt25-300x225.jpg 300w, https:\/\/www.pfadfinder-diessen.de\/wp-content\/uploads\/2025\/10\/2025-08-19_19-24-55_0127_Grossfahrt25-768x576.jpg 768w, https:\/\/www.pfadfinder-diessen.de\/wp-content\/uploads\/2025\/10\/2025-08-19_19-24-55_0127_Grossfahrt25-1536x1152.jpg 1536w, https:\/\/www.pfadfinder-diessen.de\/wp-content\/uploads\/2025\/10\/2025-08-19_19-24-55_0127_Grossfahrt25-2048x1536.jpg 2048w, https:\/\/www.pfadfinder-diessen.de\/wp-content\/uploads\/2025\/10\/2025-08-19_19-24-55_0127_Grossfahrt25-scaled-1440x1080.jpg 1440w, https:\/\/www.pfadfinder-diessen.de\/wp-content\/uploads\/2025\/10\/2025-08-19_19-24-55_0127_Grossfahrt25-scaled-1200x900.jpg 1200w, https:\/\/www.pfadfinder-diessen.de\/wp-content\/uploads\/2025\/10\/2025-08-19_19-24-55_0127_Grossfahrt25-scaled-620x465.jpg 620w, https:\/\/www.pfadfinder-diessen.de\/wp-content\/uploads\/2025\/10\/2025-08-19_19-24-55_0127_Grossfahrt25-scaled-400x300.jpg 400w, https:\/\/www.pfadfinder-diessen.de\/wp-content\/uploads\/2025\/10\/2025-08-19_19-24-55_0127_Grossfahrt25-scaled.jpg 1920w\" sizes=\"auto, (max-width: 1024px) 100vw, 1024px\" \/><\/figure>\n\n\n\n<p>W\u00e4hrend die Jungsgruppe Getreide nachgelesen und Brot gebacken haben, haben die Leiter Strecke gemacht, waren Baden, dort haben sie eine Deutsche getroffen, die ihnen einen Shelter empfohlen hat, wo sie f\u00fcr die Putzfrau gesungen haben. W\u00e4hrenddessen waren die M\u00e4dchengruppe auf dem Kyststi unterwegs, waren ebenfalls baden und waren Krabben anschauen an einem sch\u00f6nen, kleinen Strand.<\/p>\n\n\n\n<h2 class=\"wp-block-heading\">18.08.25<\/h2>\n\n\n\n<figure class=\"wp-block-image vcp-st-has-source size-large\"><span class=\"vcp-st-media-source\" style=\"--vcp-st-image-width: 768px; --vcp-st-image-height: 1024px\">Quelle: Max Daeschner<\/span><img loading=\"lazy\" decoding=\"async\" width=\"768\" height=\"1024\" src=\"https:\/\/www.pfadfinder-diessen.de\/wp-content\/uploads\/2025\/10\/2025-08-20_19-08-58_0144_Grossfahrt25-768x1024.jpg\" alt=\"\" class=\"wp-image-409\" srcset=\"https:\/\/www.pfadfinder-diessen.de\/wp-content\/uploads\/2025\/10\/2025-08-20_19-08-58_0144_Grossfahrt25-768x1024.jpg 768w, https:\/\/www.pfadfinder-diessen.de\/wp-content\/uploads\/2025\/10\/2025-08-20_19-08-58_0144_Grossfahrt25-225x300.jpg 225w, https:\/\/www.pfadfinder-diessen.de\/wp-content\/uploads\/2025\/10\/2025-08-20_19-08-58_0144_Grossfahrt25-1152x1536.jpg 1152w, https:\/\/www.pfadfinder-diessen.de\/wp-content\/uploads\/2025\/10\/2025-08-20_19-08-58_0144_Grossfahrt25-1536x2048.jpg 1536w, https:\/\/www.pfadfinder-diessen.de\/wp-content\/uploads\/2025\/10\/2025-08-20_19-08-58_0144_Grossfahrt25-scaled.jpg 1440w\" sizes=\"auto, (max-width: 768px) 100vw, 768px\" \/><\/figure>\n\n\n\n<p>Die Jungs haben einen Umweg zum Einkaufen gemacht. Noch hatten sie Spa\u00df mit Curry und Reis, und sie haben nat\u00fcrlich gesungen. Sie hatten mit den H\u00f6henmetern zu k\u00e4mpfen obwohl sie auch nette Pausen gemacht haben.<\/p>\n\n\n\n<p>Die M\u00e4dels sind in Sandefjord gestartet und haben \u00fcber 17 km geschafft. Sie hatten kleinere Sprachh\u00fcrden beim Beschaffen von Trinkwasser, aber daf\u00fcr hat es geschmeckt. Sie haben nach einigen Um- und Abwegen am idyllischen Matsch-See gelagert.<\/p>\n\n\n\n<p>Auch die Leitergruppe hat an diesem Tag gut Strecke gemacht, teilweise durch Baustellen. Eine Deutsch-Norwegerin hat ihnen netterweise die Vorr\u00e4te erg\u00e4nzt, unter anderem mit Bacon-Schmelzk\u00e4se aus der Tube und \u00c4pfeln. \u00dcbernachtet haben sie auf einem Campingplatz, neben, mal wieder, Deutschen.<\/p>\n\n\n\n<h2 class=\"wp-block-heading\">19.08.25<\/h2>\n\n\n\n<figure class=\"wp-block-image vcp-st-has-source size-large\"><span class=\"vcp-st-media-source\" style=\"--vcp-st-image-width: 1024px; --vcp-st-image-height: 771px\">Quelle: katha<\/span><img loading=\"lazy\" decoding=\"async\" width=\"1024\" height=\"771\" src=\"https:\/\/www.pfadfinder-diessen.de\/wp-content\/uploads\/2025\/10\/2025-08-19_19-49-18_392-1024x771.jpg\" alt=\"\" class=\"wp-image-406\" srcset=\"https:\/\/www.pfadfinder-diessen.de\/wp-content\/uploads\/2025\/10\/2025-08-19_19-49-18_392-1024x771.jpg 1024w, https:\/\/www.pfadfinder-diessen.de\/wp-content\/uploads\/2025\/10\/2025-08-19_19-49-18_392-300x226.jpg 300w, https:\/\/www.pfadfinder-diessen.de\/wp-content\/uploads\/2025\/10\/2025-08-19_19-49-18_392-768x578.jpg 768w, https:\/\/www.pfadfinder-diessen.de\/wp-content\/uploads\/2025\/10\/2025-08-19_19-49-18_392-1536x1157.jpg 1536w, https:\/\/www.pfadfinder-diessen.de\/wp-content\/uploads\/2025\/10\/2025-08-19_19-49-18_392-2048x1542.jpg 2048w, https:\/\/www.pfadfinder-diessen.de\/wp-content\/uploads\/2025\/10\/2025-08-19_19-49-18_392-scaled-400x300.jpg 400w, https:\/\/www.pfadfinder-diessen.de\/wp-content\/uploads\/2025\/10\/2025-08-19_19-49-18_392-scaled.jpg 1920w\" sizes=\"auto, (max-width: 1024px) 100vw, 1024px\" \/><\/figure>\n\n\n\n<p>Die M\u00e4dels sind nach einem M\u00fcsli gest\u00e4rkt losgelegt und haben sich nach kurzem Zimtschneckenstopp mit Nicy am See getroffen, wo der Kanuhaijk begann. Dort ging es nach einem kurzen Anf\u00e4ngerkanadierkurs mit viel Gegenwind los. Letzendlich haben sie eine nette Bucht gefunden und dort \u00fcbernachtet.<\/p>\n\n\n\n<p>Die Jungs haben zwar verschlafen, aber dannn einen Powerpampf gegessen und sich auf den Weg gemacht. Sie haben sich erst verlaufen, aber den Weg wiedergefunden, und an einer Pilgerunterkunft sich ein Eis geg\u00f6nnt. \u00dcbernachtet wurde wieder in Locks, der Abend war erneut musikalisch.<\/p>\n\n\n\n<p>Die Leiter waren gro\u00dfz\u00fcgig einkaufen und haben etwas Ballast per P\u00e4ckchen nach Hause geschickt, das aufgrund Zollschwierigkeiten (Merke: Norwegen ist nich EU!) erst einen Monat sp\u00e4ter ankam. Sie haben Qualit\u00e4ts-Blasenpflaster zu sch\u00e4tzen gelernt, weil noch nicht alle Schuhe perfekt eingelaufen waren und in einem wild verwucherten Shelter \u00fcbernachtet.<\/p>\n\n\n\n<h2 class=\"wp-block-heading\">20.08.25<\/h2>\n\n\n\n<figure class=\"wp-block-image vcp-st-has-source size-large\"><span class=\"vcp-st-media-source\" style=\"--vcp-st-image-width: 1024px; --vcp-st-image-height: 768px\">Quelle: Stefan<\/span><img loading=\"lazy\" decoding=\"async\" width=\"1024\" height=\"768\" src=\"https:\/\/www.pfadfinder-diessen.de\/wp-content\/uploads\/2025\/10\/2025-08-20_13-42-34_0143_Grossfahrt25-1024x768.jpg\" alt=\"\" class=\"wp-image-408\" srcset=\"https:\/\/www.pfadfinder-diessen.de\/wp-content\/uploads\/2025\/10\/2025-08-20_13-42-34_0143_Grossfahrt25-1024x768.jpg 1024w, https:\/\/www.pfadfinder-diessen.de\/wp-content\/uploads\/2025\/10\/2025-08-20_13-42-34_0143_Grossfahrt25-300x225.jpg 300w, https:\/\/www.pfadfinder-diessen.de\/wp-content\/uploads\/2025\/10\/2025-08-20_13-42-34_0143_Grossfahrt25-768x576.jpg 768w, https:\/\/www.pfadfinder-diessen.de\/wp-content\/uploads\/2025\/10\/2025-08-20_13-42-34_0143_Grossfahrt25-1536x1152.jpg 1536w, https:\/\/www.pfadfinder-diessen.de\/wp-content\/uploads\/2025\/10\/2025-08-20_13-42-34_0143_Grossfahrt25-2048x1536.jpg 2048w, https:\/\/www.pfadfinder-diessen.de\/wp-content\/uploads\/2025\/10\/2025-08-20_13-42-34_0143_Grossfahrt25-scaled-1440x1080.jpg 1440w, https:\/\/www.pfadfinder-diessen.de\/wp-content\/uploads\/2025\/10\/2025-08-20_13-42-34_0143_Grossfahrt25-scaled-1200x900.jpg 1200w, https:\/\/www.pfadfinder-diessen.de\/wp-content\/uploads\/2025\/10\/2025-08-20_13-42-34_0143_Grossfahrt25-scaled-620x465.jpg 620w, https:\/\/www.pfadfinder-diessen.de\/wp-content\/uploads\/2025\/10\/2025-08-20_13-42-34_0143_Grossfahrt25-scaled-400x300.jpg 400w, https:\/\/www.pfadfinder-diessen.de\/wp-content\/uploads\/2025\/10\/2025-08-20_13-42-34_0143_Grossfahrt25-scaled.jpg 1920w\" sizes=\"auto, (max-width: 1024px) 100vw, 1024px\" \/><\/figure>\n\n\n\n<p>An diesem Morgen hat die M\u00e4delsgruppe Porridge mit Aprikosen und \u00c4pfel genossen und waren dann weiter auf dem Wasser unterwegs. Auf einer Insel wurde zu Mittag gegessen und schlie\u00dflich, zur Siesta, ein Nickerchen gemacht. Nach einigem weiteren Weg wurde auf einer anderen Insel gelagert und der Tag mit Kartoffelbrei und einer Reflexion abgeschlossen.<\/p>\n\n\n\n<p>Bei den Jungs gab es nach einem Einkauf Orangensaft, und Abends, nach langer Strecke, Schafe am Lagerplatz.<\/p>\n\n\n\n<p>Die Leiter haben sich der Zivilisation wieder angen\u00e4hert und sind durch Felder und Haine, via Trinkpause auf \u00d6ko-Hof zum Golfen gegangen (oder zumindest ins Caf\u00e9 dort). Am Abend haben sie einen Franzosen und einen weiteren Deutschen kennengelernt, die mit dem Rad vom Nordkap kamen bzw. dort hin wollten.<\/p>\n\n\n\n<h2 class=\"wp-block-heading\">21.08.25<\/h2>\n\n\n\n<figure class=\"wp-block-image vcp-st-has-source size-large\"><span class=\"vcp-st-media-source\" style=\"--vcp-st-image-width: 1024px; --vcp-st-image-height: 768px\">Quelle: Joni<\/span><img loading=\"lazy\" decoding=\"async\" width=\"1024\" height=\"768\" src=\"https:\/\/www.pfadfinder-diessen.de\/wp-content\/uploads\/2025\/10\/2025-08-21_17-25-28_0164_Grossfahrt25-1024x768.jpg\" alt=\"\" class=\"wp-image-439\" srcset=\"https:\/\/www.pfadfinder-diessen.de\/wp-content\/uploads\/2025\/10\/2025-08-21_17-25-28_0164_Grossfahrt25-1024x768.jpg 1024w, https:\/\/www.pfadfinder-diessen.de\/wp-content\/uploads\/2025\/10\/2025-08-21_17-25-28_0164_Grossfahrt25-300x225.jpg 300w, https:\/\/www.pfadfinder-diessen.de\/wp-content\/uploads\/2025\/10\/2025-08-21_17-25-28_0164_Grossfahrt25-768x576.jpg 768w, https:\/\/www.pfadfinder-diessen.de\/wp-content\/uploads\/2025\/10\/2025-08-21_17-25-28_0164_Grossfahrt25-1536x1152.jpg 1536w, https:\/\/www.pfadfinder-diessen.de\/wp-content\/uploads\/2025\/10\/2025-08-21_17-25-28_0164_Grossfahrt25-2048x1536.jpg 2048w, https:\/\/www.pfadfinder-diessen.de\/wp-content\/uploads\/2025\/10\/2025-08-21_17-25-28_0164_Grossfahrt25-scaled-1440x1080.jpg 1440w, https:\/\/www.pfadfinder-diessen.de\/wp-content\/uploads\/2025\/10\/2025-08-21_17-25-28_0164_Grossfahrt25-scaled-1200x900.jpg 1200w, https:\/\/www.pfadfinder-diessen.de\/wp-content\/uploads\/2025\/10\/2025-08-21_17-25-28_0164_Grossfahrt25-scaled-620x465.jpg 620w, https:\/\/www.pfadfinder-diessen.de\/wp-content\/uploads\/2025\/10\/2025-08-21_17-25-28_0164_Grossfahrt25-scaled-400x300.jpg 400w, https:\/\/www.pfadfinder-diessen.de\/wp-content\/uploads\/2025\/10\/2025-08-21_17-25-28_0164_Grossfahrt25-scaled.jpg 1920w\" sizes=\"auto, (max-width: 1024px) 100vw, 1024px\" \/><\/figure>\n\n\n\n<p>And diesem Tag haben die Leiter einen Pausetag eingelegt und waren einkaufen und waschen. Zudem wurden sie nass, weil der Shelter nicht dicht war und leider etwas getropft hat.<\/p>\n\n\n\n<p>Die Jungs sind w\u00e4hrenddessen gut vorangekommen und haben Fussballerinnen getroffen. Nach reiflicher Pr\u00fcfung sind sie bei den Zelten, die sie aufbauten, von Loks auf Kothen umgestiegen.<\/p>\n\n\n\n<p>Die M\u00e4dels waren wieder den ganzen Tag auf dem See unterwegs, haben die Pausen aber zum Haare- und W\u00e4schewaschen im See genutzt. Abends gab es ein kleines Nudeldisaster, am Ende wurden aber alle satt.<\/p>\n\n\n\n<h2 class=\"wp-block-heading\">22.08.25<\/h2>\n\n\n\n<figure class=\"wp-block-image vcp-st-has-source size-large\"><span class=\"vcp-st-media-source\" style=\"--vcp-st-image-width: 1024px; --vcp-st-image-height: 771px\">Quelle: Katha<\/span><img loading=\"lazy\" decoding=\"async\" width=\"1024\" height=\"771\" src=\"https:\/\/www.pfadfinder-diessen.de\/wp-content\/uploads\/2025\/10\/2025-08-22_14-02-41_871-1024x771.jpg\" alt=\"\" class=\"wp-image-414\" srcset=\"https:\/\/www.pfadfinder-diessen.de\/wp-content\/uploads\/2025\/10\/2025-08-22_14-02-41_871-1024x771.jpg 1024w, https:\/\/www.pfadfinder-diessen.de\/wp-content\/uploads\/2025\/10\/2025-08-22_14-02-41_871-300x226.jpg 300w, https:\/\/www.pfadfinder-diessen.de\/wp-content\/uploads\/2025\/10\/2025-08-22_14-02-41_871-768x578.jpg 768w, https:\/\/www.pfadfinder-diessen.de\/wp-content\/uploads\/2025\/10\/2025-08-22_14-02-41_871-1536x1157.jpg 1536w, https:\/\/www.pfadfinder-diessen.de\/wp-content\/uploads\/2025\/10\/2025-08-22_14-02-41_871-2048x1542.jpg 2048w, https:\/\/www.pfadfinder-diessen.de\/wp-content\/uploads\/2025\/10\/2025-08-22_14-02-41_871-scaled-400x300.jpg 400w, https:\/\/www.pfadfinder-diessen.de\/wp-content\/uploads\/2025\/10\/2025-08-22_14-02-41_871-scaled.jpg 1920w\" sizes=\"auto, (max-width: 1024px) 100vw, 1024px\" \/><\/figure>\n\n\n\n<p>Als die M\u00e4dchengruppe am n\u00e4chsten Morgen ihre W\u00e4sche abgeh\u00e4ngt haben und losgezogen sind, hat es das erste und einzige Mal geregnet, und sie wurden nass. Alle kamen aber unbeschadet an Land und waren Abends auf einem norwegischen Bauernhof, wo sie sehr freundlich aufgenommen wurden.<\/p>\n\n\n\n<p>Die Leiter wurden von Sch\u00fcler*innen geweckt und sind dann durch Hamar gelaufen, inkl. Freilicht- und Eisenbahnmuseum. Nach nicen Waffeln und b\u00f6ser Steigung haben sie dann Shelter von Pfadis gefunden und dort \u00fcbernachtet.<\/p>\n\n\n\n<p>Die Erlebnisse der Jungs an dem Tag bleiben in Mysterien geh\u00fcllt, sie haben nix berichtet.<\/p>\n\n\n\n<h2 class=\"wp-block-heading\">23.08.25<\/h2>\n\n\n\n<figure class=\"wp-block-image vcp-st-has-source size-large\"><span class=\"vcp-st-media-source\" style=\"--vcp-st-image-width: 768px; --vcp-st-image-height: 1024px\">Quelle: Max<\/span><img loading=\"lazy\" decoding=\"async\" width=\"768\" height=\"1024\" src=\"https:\/\/www.pfadfinder-diessen.de\/wp-content\/uploads\/2025\/10\/2025-08-19_11-41-30_0123_Grossfahrt25-768x1024.jpg\" alt=\"\" class=\"wp-image-402\" srcset=\"https:\/\/www.pfadfinder-diessen.de\/wp-content\/uploads\/2025\/10\/2025-08-19_11-41-30_0123_Grossfahrt25-768x1024.jpg 768w, https:\/\/www.pfadfinder-diessen.de\/wp-content\/uploads\/2025\/10\/2025-08-19_11-41-30_0123_Grossfahrt25-225x300.jpg 225w, https:\/\/www.pfadfinder-diessen.de\/wp-content\/uploads\/2025\/10\/2025-08-19_11-41-30_0123_Grossfahrt25-1152x1536.jpg 1152w, https:\/\/www.pfadfinder-diessen.de\/wp-content\/uploads\/2025\/10\/2025-08-19_11-41-30_0123_Grossfahrt25-1536x2048.jpg 1536w, https:\/\/www.pfadfinder-diessen.de\/wp-content\/uploads\/2025\/10\/2025-08-19_11-41-30_0123_Grossfahrt25-scaled.jpg 1440w\" sizes=\"auto, (max-width: 768px) 100vw, 768px\" \/><\/figure>\n\n\n\n<p>Die M\u00e4dels haben am n\u00e4chsten Morgen per F\u00e4hre einen kurzen Abstecher nach Schweden unternommen, am Hafen haben sie nat\u00fcrlich deutsche Pfadis getroffen. Sie sind einem Wanderweg gefolgt und haben unter offenem Himmel in einer wundersch\u00f6nen Heidelandschaft geschlafen.<\/p>\n\n\n\n<p>Die Jungs haben erneut nicht berichtet.<\/p>\n\n\n\n<p>Die Leiter haben den Bahnhof erreicht und sind nach Oslo, ins Hotel, um die Materialkisten zu holen. Gemeinerweise haben sie sich einen guten Inder gesucht und genossen, aber fairerweise selbst bezahlt.<\/p>\n\n\n\n<h2 class=\"wp-block-heading\">24.08.25<\/h2>\n\n\n\n<figure class=\"wp-block-image vcp-st-has-source size-large\"><span class=\"vcp-st-media-source\" style=\"--vcp-st-image-width: 768px; --vcp-st-image-height: 1024px\">Quelle: Jonathan Englmeier<\/span><img loading=\"lazy\" decoding=\"async\" width=\"768\" height=\"1024\" src=\"https:\/\/www.pfadfinder-diessen.de\/wp-content\/uploads\/2025\/10\/2025-08-24_20-20-03_0230_Grossfahrt25-768x1024.jpg\" alt=\"\" class=\"wp-image-471\" srcset=\"https:\/\/www.pfadfinder-diessen.de\/wp-content\/uploads\/2025\/10\/2025-08-24_20-20-03_0230_Grossfahrt25-768x1024.jpg 768w, https:\/\/www.pfadfinder-diessen.de\/wp-content\/uploads\/2025\/10\/2025-08-24_20-20-03_0230_Grossfahrt25-225x300.jpg 225w, https:\/\/www.pfadfinder-diessen.de\/wp-content\/uploads\/2025\/10\/2025-08-24_20-20-03_0230_Grossfahrt25-1152x1536.jpg 1152w, https:\/\/www.pfadfinder-diessen.de\/wp-content\/uploads\/2025\/10\/2025-08-24_20-20-03_0230_Grossfahrt25-1536x2048.jpg 1536w, https:\/\/www.pfadfinder-diessen.de\/wp-content\/uploads\/2025\/10\/2025-08-24_20-20-03_0230_Grossfahrt25-scaled.jpg 1440w\" sizes=\"auto, (max-width: 768px) 100vw, 768px\" \/><\/figure>\n\n\n\n<p>Nach und nach haben wir alle den Zeltplatz erreicht &#8211; die M\u00e4dels waren mit dem Bus zuerst da. Die Leiter mussten noch den Mietwagen holen, und haben deswegen ein bisschen l\u00e4nger gebraucht. Am sp\u00e4testen kamen die Jungs an &#8211; sie hatten den Anschluss verpasst und mussten aus Fredrickstadt abgeholt werden. Zur Feier des Tages haben wir Pizzen besorgt &#8211; aufgrund der Versp\u00e4tung der Jungs leider nur lauwarm, aber dennoch lecker! Erstmal stand dann Zelte aufbauen und durchschnaufen auf der Tagesordnung.<\/p>\n\n\n\n<h2 class=\"wp-block-heading\">25.08.25<\/h2>\n\n\n\n<figure class=\"wp-block-image size-large\"><img loading=\"lazy\" decoding=\"async\" width=\"768\" height=\"1024\" src=\"https:\/\/www.pfadfinder-diessen.de\/wp-content\/uploads\/2025\/10\/2025-08-25_15-39-02_0236_Grossfahrt25-768x1024.jpg\" alt=\"\" class=\"wp-image-472\" srcset=\"https:\/\/www.pfadfinder-diessen.de\/wp-content\/uploads\/2025\/10\/2025-08-25_15-39-02_0236_Grossfahrt25-768x1024.jpg 768w, https:\/\/www.pfadfinder-diessen.de\/wp-content\/uploads\/2025\/10\/2025-08-25_15-39-02_0236_Grossfahrt25-225x300.jpg 225w, https:\/\/www.pfadfinder-diessen.de\/wp-content\/uploads\/2025\/10\/2025-08-25_15-39-02_0236_Grossfahrt25-1152x1536.jpg 1152w, https:\/\/www.pfadfinder-diessen.de\/wp-content\/uploads\/2025\/10\/2025-08-25_15-39-02_0236_Grossfahrt25-1536x2048.jpg 1536w, https:\/\/www.pfadfinder-diessen.de\/wp-content\/uploads\/2025\/10\/2025-08-25_15-39-02_0236_Grossfahrt25-scaled.jpg 1440w\" sizes=\"auto, (max-width: 768px) 100vw, 768px\" \/><\/figure>\n\n\n\n<p>Pause- und Wassertag. Katha hat Halbtagestouren mit den Jungs gemacht, um zu sehen, wie sicher sie im Umgang mit den Canadier-Kanus sind. Ansonsten wurde sich aktiv erholt und die Kranken durften sich auskurieren &#8211; zwei Leiter waren erk\u00e4ltet, aber norwegische \u00c4rzte zu bekommen, die sich auf deutsche Kassenpatienten einlassen, war schwieriger als gedacht. Hexer war angeln &#8211; allerdings erfolglos.<\/p>\n\n\n\n<h2 class=\"wp-block-heading\">26.08.25<\/h2>\n\n\n\n<figure class=\"wp-block-image vcp-st-has-source size-large\"><span class=\"vcp-st-media-source\" style=\"--vcp-st-image-width: 1024px; --vcp-st-image-height: 771px\">Quelle: Katha<\/span><img loading=\"lazy\" decoding=\"async\" width=\"1024\" height=\"771\" src=\"https:\/\/www.pfadfinder-diessen.de\/wp-content\/uploads\/2025\/10\/2025-08-26_13-16-05_235-1024x771.jpg\" alt=\"\" class=\"wp-image-448\" srcset=\"https:\/\/www.pfadfinder-diessen.de\/wp-content\/uploads\/2025\/10\/2025-08-26_13-16-05_235-1024x771.jpg 1024w, https:\/\/www.pfadfinder-diessen.de\/wp-content\/uploads\/2025\/10\/2025-08-26_13-16-05_235-300x226.jpg 300w, https:\/\/www.pfadfinder-diessen.de\/wp-content\/uploads\/2025\/10\/2025-08-26_13-16-05_235-768x578.jpg 768w, https:\/\/www.pfadfinder-diessen.de\/wp-content\/uploads\/2025\/10\/2025-08-26_13-16-05_235-1536x1157.jpg 1536w, https:\/\/www.pfadfinder-diessen.de\/wp-content\/uploads\/2025\/10\/2025-08-26_13-16-05_235-2048x1542.jpg 2048w, https:\/\/www.pfadfinder-diessen.de\/wp-content\/uploads\/2025\/10\/2025-08-26_13-16-05_235-scaled-400x300.jpg 400w, https:\/\/www.pfadfinder-diessen.de\/wp-content\/uploads\/2025\/10\/2025-08-26_13-16-05_235-scaled.jpg 1920w\" sizes=\"auto, (max-width: 1024px) 100vw, 1024px\" \/><\/figure>\n\n\n\n<p>Der gro\u00dfe Wassertag: Katha und Hexer begleiteten die Wanderfalken, die in gemischten Canadiern die gro\u00dfe Insel, auf der der Zeltplatz liegt, umrundeten, und die umliegenden Inseln erkundeten.<\/p>\n\n\n\n<h2 class=\"wp-block-heading\">27.08.25<\/h2>\n\n\n\n<figure class=\"wp-block-image vcp-st-has-source size-large\"><span class=\"vcp-st-media-source\" style=\"--vcp-st-image-width: 1024px; --vcp-st-image-height: 769px\">Quelle: Adi<\/span><img loading=\"lazy\" decoding=\"async\" width=\"1024\" height=\"769\" src=\"https:\/\/www.pfadfinder-diessen.de\/wp-content\/uploads\/2025\/10\/2025-08-27_16-11-39_0261_Grossfahrt25-1024x769.jpg\" alt=\"Foto-Challenge in Oslo\" class=\"wp-image-453\" srcset=\"https:\/\/www.pfadfinder-diessen.de\/wp-content\/uploads\/2025\/10\/2025-08-27_16-11-39_0261_Grossfahrt25-1024x769.jpg 1024w, https:\/\/www.pfadfinder-diessen.de\/wp-content\/uploads\/2025\/10\/2025-08-27_16-11-39_0261_Grossfahrt25-300x225.jpg 300w, https:\/\/www.pfadfinder-diessen.de\/wp-content\/uploads\/2025\/10\/2025-08-27_16-11-39_0261_Grossfahrt25-768x577.jpg 768w, https:\/\/www.pfadfinder-diessen.de\/wp-content\/uploads\/2025\/10\/2025-08-27_16-11-39_0261_Grossfahrt25-1536x1154.jpg 1536w, https:\/\/www.pfadfinder-diessen.de\/wp-content\/uploads\/2025\/10\/2025-08-27_16-11-39_0261_Grossfahrt25-2048x1538.jpg 2048w, https:\/\/www.pfadfinder-diessen.de\/wp-content\/uploads\/2025\/10\/2025-08-27_16-11-39_0261_Grossfahrt25-scaled-1440x1080.jpg 1440w, https:\/\/www.pfadfinder-diessen.de\/wp-content\/uploads\/2025\/10\/2025-08-27_16-11-39_0261_Grossfahrt25-scaled-1200x900.jpg 1200w, https:\/\/www.pfadfinder-diessen.de\/wp-content\/uploads\/2025\/10\/2025-08-27_16-11-39_0261_Grossfahrt25-scaled-620x465.jpg 620w, https:\/\/www.pfadfinder-diessen.de\/wp-content\/uploads\/2025\/10\/2025-08-27_16-11-39_0261_Grossfahrt25-scaled-400x300.jpg 400w, https:\/\/www.pfadfinder-diessen.de\/wp-content\/uploads\/2025\/10\/2025-08-27_16-11-39_0261_Grossfahrt25-scaled.jpg 1920w\" sizes=\"auto, (max-width: 1024px) 100vw, 1024px\" \/><\/figure>\n\n\n\n<p>Zu fr\u00fcher Stunde sind wir mit dem Bus nach Oslo aufgebrochen, wo es dann in Kleingruppen durch die gro\u00dfe Stadt ging. Alle Gruppen bekamen etwas Taschengeld, und erkundeten die Stadt nach ihren W\u00fcnschen. Mittags trafen wir uns an einem lecker Fine-Burgerladen wieder. Am fr\u00fchen Nachmittag trafen wir dann im Regen drei tapferen Norweger*innen, mit denen wir erst Kennenlern-Spiele spielten, um dann in drei Gruppen auf Foto-Challenge zu gehen &#8211; wer f\u00fcllt das Bingo zuerst aus? Zur Belohnung gab es S\u00fc\u00dfes. V\u00f6llig abgek\u00e4mpft nach dem langen Tag dann im Bus zur\u00fcck zum Zeltplatz, Ankunft nach 22:00 Uhr, wo wir m\u00fcde in die Schlafs\u00e4cke krochen.<\/p>\n\n\n\n<h2 class=\"wp-block-heading\">28.08.25<\/h2>\n\n\n\n<figure class=\"wp-block-image vcp-st-has-source size-large\"><span class=\"vcp-st-media-source\" style=\"--vcp-st-image-width: 1024px; --vcp-st-image-height: 768px\">Quelle: Stefan Hallmann<\/span><img loading=\"lazy\" decoding=\"async\" width=\"1024\" height=\"768\" src=\"https:\/\/www.pfadfinder-diessen.de\/wp-content\/uploads\/2025\/10\/2025-08-28_21-52-14_Grossfahrt25-1024x768.jpg\" alt=\"\" class=\"wp-image-455\" srcset=\"https:\/\/www.pfadfinder-diessen.de\/wp-content\/uploads\/2025\/10\/2025-08-28_21-52-14_Grossfahrt25-1024x768.jpg 1024w, https:\/\/www.pfadfinder-diessen.de\/wp-content\/uploads\/2025\/10\/2025-08-28_21-52-14_Grossfahrt25-300x225.jpg 300w, https:\/\/www.pfadfinder-diessen.de\/wp-content\/uploads\/2025\/10\/2025-08-28_21-52-14_Grossfahrt25-768x576.jpg 768w, https:\/\/www.pfadfinder-diessen.de\/wp-content\/uploads\/2025\/10\/2025-08-28_21-52-14_Grossfahrt25-1536x1152.jpg 1536w, https:\/\/www.pfadfinder-diessen.de\/wp-content\/uploads\/2025\/10\/2025-08-28_21-52-14_Grossfahrt25-2048x1536.jpg 2048w, https:\/\/www.pfadfinder-diessen.de\/wp-content\/uploads\/2025\/10\/2025-08-28_21-52-14_Grossfahrt25-scaled-1440x1080.jpg 1440w, https:\/\/www.pfadfinder-diessen.de\/wp-content\/uploads\/2025\/10\/2025-08-28_21-52-14_Grossfahrt25-scaled-1200x900.jpg 1200w, https:\/\/www.pfadfinder-diessen.de\/wp-content\/uploads\/2025\/10\/2025-08-28_21-52-14_Grossfahrt25-scaled-620x465.jpg 620w, https:\/\/www.pfadfinder-diessen.de\/wp-content\/uploads\/2025\/10\/2025-08-28_21-52-14_Grossfahrt25-scaled-400x300.jpg 400w, https:\/\/www.pfadfinder-diessen.de\/wp-content\/uploads\/2025\/10\/2025-08-28_21-52-14_Grossfahrt25-scaled.jpg 1920w\" sizes=\"auto, (max-width: 1024px) 100vw, 1024px\" \/><\/figure>\n\n\n\n<p>Ausflug zum Kj\u00f8k\u00f8y Fort, wo wir die historische Befestigungsanlage bewundert und erkundet haben. Der letzte Abend am Lagerplatz wurde dann als bunter Abend mit Spielen, Wettk\u00e4mpfen und Geschichten, Singerunde und Tschai \u00fcberm Feuer gefeiert.<\/p>\n\n\n\n<h2 class=\"wp-block-heading\">29.08.25<\/h2>\n\n\n\n<figure class=\"wp-block-image vcp-st-has-source size-large\"><span class=\"vcp-st-media-source\" style=\"--vcp-st-image-width: 1024px; --vcp-st-image-height: 768px\">Quelle: Joni<\/span><img loading=\"lazy\" decoding=\"async\" width=\"1024\" height=\"768\" src=\"https:\/\/www.pfadfinder-diessen.de\/wp-content\/uploads\/2025\/10\/2025-08-29_16-51-15_0315_Grossfahrt25-1024x768.jpg\" alt=\"\" class=\"wp-image-474\" srcset=\"https:\/\/www.pfadfinder-diessen.de\/wp-content\/uploads\/2025\/10\/2025-08-29_16-51-15_0315_Grossfahrt25-1024x768.jpg 1024w, https:\/\/www.pfadfinder-diessen.de\/wp-content\/uploads\/2025\/10\/2025-08-29_16-51-15_0315_Grossfahrt25-300x225.jpg 300w, https:\/\/www.pfadfinder-diessen.de\/wp-content\/uploads\/2025\/10\/2025-08-29_16-51-15_0315_Grossfahrt25-768x576.jpg 768w, https:\/\/www.pfadfinder-diessen.de\/wp-content\/uploads\/2025\/10\/2025-08-29_16-51-15_0315_Grossfahrt25-1536x1152.jpg 1536w, https:\/\/www.pfadfinder-diessen.de\/wp-content\/uploads\/2025\/10\/2025-08-29_16-51-15_0315_Grossfahrt25-2048x1536.jpg 2048w, https:\/\/www.pfadfinder-diessen.de\/wp-content\/uploads\/2025\/10\/2025-08-29_16-51-15_0315_Grossfahrt25-scaled-1440x1080.jpg 1440w, https:\/\/www.pfadfinder-diessen.de\/wp-content\/uploads\/2025\/10\/2025-08-29_16-51-15_0315_Grossfahrt25-scaled-1200x900.jpg 1200w, https:\/\/www.pfadfinder-diessen.de\/wp-content\/uploads\/2025\/10\/2025-08-29_16-51-15_0315_Grossfahrt25-scaled-620x465.jpg 620w, https:\/\/www.pfadfinder-diessen.de\/wp-content\/uploads\/2025\/10\/2025-08-29_16-51-15_0315_Grossfahrt25-scaled-400x300.jpg 400w, https:\/\/www.pfadfinder-diessen.de\/wp-content\/uploads\/2025\/10\/2025-08-29_16-51-15_0315_Grossfahrt25-scaled.jpg 1920w\" sizes=\"auto, (max-width: 1024px) 100vw, 1024px\" \/><\/figure>\n\n\n\n<p>Mit dem Bus fuhren wir zur\u00fcck nach Oslo, nachdem wir alles tip-top geputzt und ordentlich zur\u00fcckgelassen hatten. Denn ein Pfadfinder l\u00e4sst nur zwei Dinge zur\u00fcck: 1. Nichts. 2. Seinen Dank an den Besitzer. In Oslo sind dann nochmal kurz nass geworden. Die versch\u00e4rften Sicherheitsma\u00dfnahmen f\u00fcr die R\u00fcckreise erforderten, dass wir alle Messer, Kocher und Kartuschen in Verwahrung geben mussten. Im Gegenzug haben wir einen Pfadi aus \u00d6sterreich kennengelernt, den wir prompt adopiert haben &#8211; immerhin war eine ganze Kabine bei uns frei. Er teilte daf\u00fcr sein Trockenobst und seine Butter mit uns. Ach ja, und wir fanden heraus, dass dieses Schiff einen kostenfreien Spa-Bereich hatte!<\/p>\n\n\n\n<h2 class=\"wp-block-heading\">30.08.25<\/h2>\n\n\n\n<figure class=\"wp-block-image size-large\"><img loading=\"lazy\" decoding=\"async\" width=\"768\" height=\"1024\" src=\"https:\/\/www.pfadfinder-diessen.de\/wp-content\/uploads\/2025\/10\/2025-08-30_12-33-43_0332_Grossfahrt25-768x1024.jpg\" alt=\"\" class=\"wp-image-477\" srcset=\"https:\/\/www.pfadfinder-diessen.de\/wp-content\/uploads\/2025\/10\/2025-08-30_12-33-43_0332_Grossfahrt25-768x1024.jpg 768w, https:\/\/www.pfadfinder-diessen.de\/wp-content\/uploads\/2025\/10\/2025-08-30_12-33-43_0332_Grossfahrt25-225x300.jpg 225w, https:\/\/www.pfadfinder-diessen.de\/wp-content\/uploads\/2025\/10\/2025-08-30_12-33-43_0332_Grossfahrt25-1152x1536.jpg 1152w, https:\/\/www.pfadfinder-diessen.de\/wp-content\/uploads\/2025\/10\/2025-08-30_12-33-43_0332_Grossfahrt25-1536x2048.jpg 1536w, https:\/\/www.pfadfinder-diessen.de\/wp-content\/uploads\/2025\/10\/2025-08-30_12-33-43_0332_Grossfahrt25-scaled.jpg 1440w\" sizes=\"auto, (max-width: 768px) 100vw, 768px\" \/><\/figure>\n\n\n\n<p>\u00dcberp\u00fcnktlich in Kopenhagen angekommen, weswegen wir den Zwischenstopp um einen kleinen Stadtbummel erg\u00e4nzen konnten. Dann haben wir uns auf die lange Heimreise gemacht, sind mit dem Zug nach Hamburg, und haben dort Hamburger gegessen. Von dort wieder im ICE durch die Nacht nach M\u00fcnchen, diesmal mit mehr Erfahrung den Platz besser genutzt zum Schlafen, so gut es eben ging &#8211; unter B\u00e4nken, \u00fcber B\u00e4nken, in Gep\u00e4ckf\u00e4chern und zwischen Koffern.<\/p>\n\n\n\n<h2 class=\"wp-block-heading\">31.08.25<\/h2>\n\n\n\n<figure class=\"wp-block-image size-large\"><img loading=\"lazy\" decoding=\"async\" width=\"1024\" height=\"769\" src=\"https:\/\/www.pfadfinder-diessen.de\/wp-content\/uploads\/2025\/10\/2025-08-31_08-20-17_0349_Grossfahrt25-1024x769.jpg\" alt=\"\" class=\"wp-image-489\" srcset=\"https:\/\/www.pfadfinder-diessen.de\/wp-content\/uploads\/2025\/10\/2025-08-31_08-20-17_0349_Grossfahrt25-1024x769.jpg 1024w, https:\/\/www.pfadfinder-diessen.de\/wp-content\/uploads\/2025\/10\/2025-08-31_08-20-17_0349_Grossfahrt25-300x225.jpg 300w, https:\/\/www.pfadfinder-diessen.de\/wp-content\/uploads\/2025\/10\/2025-08-31_08-20-17_0349_Grossfahrt25-768x577.jpg 768w, https:\/\/www.pfadfinder-diessen.de\/wp-content\/uploads\/2025\/10\/2025-08-31_08-20-17_0349_Grossfahrt25-1536x1154.jpg 1536w, https:\/\/www.pfadfinder-diessen.de\/wp-content\/uploads\/2025\/10\/2025-08-31_08-20-17_0349_Grossfahrt25-2048x1538.jpg 2048w, https:\/\/www.pfadfinder-diessen.de\/wp-content\/uploads\/2025\/10\/2025-08-31_08-20-17_0349_Grossfahrt25-scaled-1440x1080.jpg 1440w, https:\/\/www.pfadfinder-diessen.de\/wp-content\/uploads\/2025\/10\/2025-08-31_08-20-17_0349_Grossfahrt25-scaled-1200x900.jpg 1200w, https:\/\/www.pfadfinder-diessen.de\/wp-content\/uploads\/2025\/10\/2025-08-31_08-20-17_0349_Grossfahrt25-scaled-620x465.jpg 620w, https:\/\/www.pfadfinder-diessen.de\/wp-content\/uploads\/2025\/10\/2025-08-31_08-20-17_0349_Grossfahrt25-scaled-400x300.jpg 400w, https:\/\/www.pfadfinder-diessen.de\/wp-content\/uploads\/2025\/10\/2025-08-31_08-20-17_0349_Grossfahrt25-scaled.jpg 1920w\" sizes=\"auto, (max-width: 1024px) 100vw, 1024px\" \/><\/figure>\n\n\n\n<p>Wir sind um 7:30 Uhr in M\u00fcnchen mit Versp\u00e4tung angekommen. Bis nach Die\u00dfen im Schienenersatzverkehr haben wir noch etwas mehr Versp\u00e4tung angeh\u00e4uft. Von freundlichen Eltern wurden wir zu Hause mit einem Fr\u00fchst\u00fcck versorgt, haben dann noch das N\u00f6tigste aufger\u00e4umt und dann mit einem Abschlusskreis am Gemeindehaus Die\u00dfen die Fahrt abgeschlossen.<\/p>\n\n\n<div id=\"metaslider-id-368\" style=\"width: 100%;\" class=\"ml-slider-3-108-0 metaslider metaslider-flex metaslider-368 ml-slider ms-theme-default-base nav-hidden\" role=\"region\" aria-label=\"Gro\u00dffahrt25\" data-height=\"1080\" data-width=\"1440\">\n    <div id=\"metaslider_container_368\">\n        <div id=\"metaslider_368\">\n            <ul aria-live='polite' class='slides'>\n                <li style=\"display: block; width: 100%;\" class=\"slide-380 ms-image \" aria-roledescription=\"slide\" data-date=\"2025-10-19 14:45:40\" data-filename=\"2025-08-14_20-44-42_0002_Grossfahrt25-scaled-1440x1080.jpg\" data-slide-type=\"image\"><img loading=\"lazy\" decoding=\"async\" src=\"https:\/\/www.pfadfinder-diessen.de\/wp-content\/uploads\/2025\/10\/2025-08-14_20-44-42_0002_Grossfahrt25-scaled-1440x1080.jpg\" height=\"1080\" width=\"1440\" alt=\"\" class=\"slider-368 slide-380 msDefaultImage\" title=\"2025-08-14_20-44-42_0002_Gro\u00dffahrt25\" \/><div class=\"caption-wrap\"><div class=\"caption\"><div>am Bahnhof Die\u00dfen, wartend auf den Schienenersatzverkehr<\/div><\/div><\/div><\/li>\n                <li style=\"display: none; width: 100%;\" class=\"slide-381 ms-image \" aria-roledescription=\"slide\" data-date=\"2025-10-19 14:45:40\" data-filename=\"2025-08-14_23-05-46_0009_Grossfahrt25-scaled-1440x1080.jpg\" data-slide-type=\"image\"><img loading=\"lazy\" decoding=\"async\" src=\"https:\/\/www.pfadfinder-diessen.de\/wp-content\/uploads\/2025\/10\/2025-08-14_23-05-46_0009_Grossfahrt25-scaled-1440x1080.jpg\" height=\"1080\" width=\"1440\" alt=\"\" class=\"slider-368 slide-381 msDefaultImage\" title=\"2025-08-14_23-05-46_0009_Gro\u00dffahrt25\" \/><div class=\"caption-wrap\"><div class=\"caption\"><div>kartenspielen im ICE nach Hamburg<\/div><\/div><\/div><\/li>\n                <li style=\"display: none; width: 100%;\" class=\"slide-382 ms-image \" aria-roledescription=\"slide\" data-date=\"2025-10-19 14:45:40\" data-filename=\"2025-08-15_12-12-49_0014_Grossfahrt25-scaled-1440x1080.jpg\" data-slide-type=\"image\"><img loading=\"lazy\" decoding=\"async\" src=\"https:\/\/www.pfadfinder-diessen.de\/wp-content\/uploads\/2025\/10\/2025-08-15_12-12-49_0014_Grossfahrt25-scaled-1440x1080.jpg\" height=\"1080\" width=\"1440\" alt=\"\" class=\"slider-368 slide-382 msDefaultImage\" title=\"2025-08-15_12-12-49_0014_Gro\u00dffahrt25\" \/><div class=\"caption-wrap\"><div class=\"caption\"><div>ankunft Kopenhagen HbF<\/div><\/div><\/div><\/li>\n                <li style=\"display: none; width: 100%;\" class=\"slide-383 ms-image \" aria-roledescription=\"slide\" data-date=\"2025-10-19 14:45:40\" data-filename=\"2025-08-15_16-06-39_0030_Grossfahrt25-scaled-1440x1080.jpg\" data-slide-type=\"image\"><img loading=\"lazy\" decoding=\"async\" src=\"https:\/\/www.pfadfinder-diessen.de\/wp-content\/uploads\/2025\/10\/2025-08-15_16-06-39_0030_Grossfahrt25-scaled-1440x1080.jpg\" height=\"1080\" width=\"1440\" alt=\"\" class=\"slider-368 slide-383 msDefaultImage\" title=\"2025-08-15_16-06-39_0030_Gro\u00dffahrt25\" \/><div class=\"caption-wrap\"><div class=\"caption\"><div>auf der F\u00e4hre nach Oslo<\/div><\/div><\/div><\/li>\n                <li style=\"display: none; width: 100%;\" class=\"slide-384 ms-image \" aria-roledescription=\"slide\" data-date=\"2025-10-19 14:45:40\" data-filename=\"2025-08-15_19-18-44_0047_Grossfahrt25-scaled-1440x1080.jpg\" data-slide-type=\"image\"><img loading=\"lazy\" decoding=\"async\" src=\"https:\/\/www.pfadfinder-diessen.de\/wp-content\/uploads\/2025\/10\/2025-08-15_19-18-44_0047_Grossfahrt25-scaled-1440x1080.jpg\" height=\"1080\" width=\"1440\" alt=\"\" class=\"slider-368 slide-384 msDefaultImage\" title=\"2025-08-15_19-18-44_0047_Gro\u00dffahrt25\" \/><div class=\"caption-wrap\"><div class=\"caption\"><div>Abendessen an Deck<\/div><\/div><\/div><\/li>\n                <li style=\"display: none; width: 100%;\" class=\"slide-385 ms-image \" aria-roledescription=\"slide\" data-date=\"2025-10-19 14:45:40\" data-filename=\"2025-08-15_21-19-13_949-scaled-1440x1080.jpg\" data-slide-type=\"image\"><img loading=\"lazy\" decoding=\"async\" src=\"https:\/\/www.pfadfinder-diessen.de\/wp-content\/uploads\/2025\/10\/2025-08-15_21-19-13_949-scaled-1440x1080.jpg\" height=\"1080\" width=\"1440\" alt=\"\" class=\"slider-368 slide-385 msDefaultImage\" title=\"2025-08-15_21-19-13_949\" \/><div class=\"caption-wrap\"><div class=\"caption\"><div>Windig!<\/div><\/div><\/div><\/li>\n                <li style=\"display: none; width: 100%;\" class=\"slide-386 ms-image \" aria-roledescription=\"slide\" data-date=\"2025-10-19 14:45:40\" data-filename=\"2025-08-16_10-32-44_0064_Grossfahrt25-scaled-1440x1080.jpg\" data-slide-type=\"image\"><img loading=\"lazy\" decoding=\"async\" src=\"https:\/\/www.pfadfinder-diessen.de\/wp-content\/uploads\/2025\/10\/2025-08-16_10-32-44_0064_Grossfahrt25-scaled-1440x1080.jpg\" height=\"1080\" width=\"1440\" alt=\"\" class=\"slider-368 slide-386 msDefaultImage\" title=\"2025-08-16_10-32-44_0064_Gro\u00dffahrt25\" \/><div class=\"caption-wrap\"><div class=\"caption\"><div>unser Schlepper (mit E-Antrieb)<\/div><\/div><\/div><\/li>\n                <li style=\"display: none; width: 100%;\" class=\"slide-387 ms-image \" aria-roledescription=\"slide\" data-date=\"2025-10-19 14:45:40\" data-filename=\"2025-08-16_11-49-38_0076_Grossfahrt25-scaled-1440x1080.jpg\" data-slide-type=\"image\"><img loading=\"lazy\" decoding=\"async\" src=\"https:\/\/www.pfadfinder-diessen.de\/wp-content\/uploads\/2025\/10\/2025-08-16_11-49-38_0076_Grossfahrt25-scaled-1440x1080.jpg\" height=\"1080\" width=\"1440\" alt=\"\" class=\"slider-368 slide-387 msDefaultImage\" title=\"2025-08-16_11-49-38_0076_Gro\u00dffahrt25\" \/><div class=\"caption-wrap\"><div class=\"caption\"><div>loslaufen vom F\u00e4hrterminal in Oslo<\/div><\/div><\/div><\/li>\n                <li style=\"display: none; width: 100%;\" class=\"slide-388 ms-image \" aria-roledescription=\"slide\" data-date=\"2025-10-19 14:45:40\" data-filename=\"2025-08-16_11-49-38_0077_Grossfahrt25-scaled-1440x1080.jpg\" data-slide-type=\"image\"><img loading=\"lazy\" decoding=\"async\" src=\"https:\/\/www.pfadfinder-diessen.de\/wp-content\/uploads\/2025\/10\/2025-08-16_11-49-38_0077_Grossfahrt25-scaled-1440x1080.jpg\" height=\"1080\" width=\"1440\" alt=\"\" class=\"slider-368 slide-388 msDefaultImage\" title=\"2025-08-16_11-49-38_0077_Gro\u00dffahrt25\" \/><div class=\"caption-wrap\"><div class=\"caption\"><div>am F\u00e4hrterminal in Oslo<\/div><\/div><\/div><\/li>\n                <li style=\"display: none; width: 100%;\" class=\"slide-389 ms-image \" aria-roledescription=\"slide\" data-date=\"2025-10-19 14:45:40\" data-filename=\"2025-08-16_16-16-48_0085_Grossfahrt25-scaled-1440x1080.jpg\" data-slide-type=\"image\"><img loading=\"lazy\" decoding=\"async\" src=\"https:\/\/www.pfadfinder-diessen.de\/wp-content\/uploads\/2025\/10\/2025-08-16_16-16-48_0085_Grossfahrt25-scaled-1440x1080.jpg\" height=\"1080\" width=\"1440\" alt=\"\" class=\"slider-368 slide-389 msDefaultImage\" title=\"2025-08-16_16-16-48_0085_Gro\u00dffahrt25\" \/><div class=\"caption-wrap\"><div class=\"caption\"><div>los geht es f\u00fcr die Leitergruppe<\/div><\/div><\/div><\/li>\n                <li style=\"display: none; width: 100%;\" class=\"slide-390 ms-image \" aria-roledescription=\"slide\" data-date=\"2025-10-19 14:45:40\" data-filename=\"2025-08-16_16-47-53_732-scaled-1440x1080.jpg\" data-slide-type=\"image\"><img loading=\"lazy\" decoding=\"async\" src=\"https:\/\/www.pfadfinder-diessen.de\/wp-content\/uploads\/2025\/10\/2025-08-16_16-47-53_732-scaled-1440x1080.jpg\" height=\"1080\" width=\"1440\" alt=\"\" class=\"slider-368 slide-390 msDefaultImage\" title=\"2025-08-16_16-47-53_732\" \/><div class=\"caption-wrap\"><div class=\"caption\"><div>M\u00e4delgruppe steht hinter Wikingerboot<\/div><\/div><\/div><\/li>\n                <li style=\"display: none; width: 100%;\" class=\"slide-418 ms-image \" aria-roledescription=\"slide\" data-date=\"2025-10-19 15:41:58\" data-filename=\"2025-08-16_20-49-00_0091_Grossfahrt25-scaled-1440x1080.jpg\" data-slide-type=\"image\"><img loading=\"lazy\" decoding=\"async\" src=\"https:\/\/www.pfadfinder-diessen.de\/wp-content\/uploads\/2025\/10\/2025-08-16_20-49-00_0091_Grossfahrt25-scaled-1440x1080.jpg\" height=\"1080\" width=\"1440\" alt=\"\" class=\"slider-368 slide-418 msDefaultImage\" title=\"2025-08-16_20-49-00_0091_Gro\u00dffahrt25\" \/><div class=\"caption-wrap\"><div class=\"caption\"><div>ausblick von der ersten Schutzh\u00fctte der Leitergruppe<\/div><\/div><\/div><\/li>\n                <li style=\"display: none; width: 100%;\" class=\"slide-419 ms-image \" aria-roledescription=\"slide\" data-date=\"2025-10-19 15:41:58\" data-filename=\"2025-08-17_16-32-04_0100_Grossfahrt25-scaled-1440x1080.jpg\" data-slide-type=\"image\"><img loading=\"lazy\" decoding=\"async\" src=\"https:\/\/www.pfadfinder-diessen.de\/wp-content\/uploads\/2025\/10\/2025-08-17_16-32-04_0100_Grossfahrt25-scaled-1440x1080.jpg\" height=\"1080\" width=\"1440\" alt=\"\" class=\"slider-368 slide-419 msDefaultImage\" title=\"2025-08-17_16-32-04_0100_Gro\u00dffahrt25\" \/><\/li>\n                <li style=\"display: none; width: 100%;\" class=\"slide-420 ms-image \" aria-roledescription=\"slide\" data-date=\"2025-10-19 15:41:58\" data-filename=\"2025-08-18_11-55-11_184-scaled-1440x1080.jpg\" data-slide-type=\"image\"><img loading=\"lazy\" decoding=\"async\" src=\"https:\/\/www.pfadfinder-diessen.de\/wp-content\/uploads\/2025\/10\/2025-08-18_11-55-11_184-scaled-1440x1080.jpg\" height=\"1080\" width=\"1440\" alt=\"\" class=\"slider-368 slide-420 msDefaultImage\" title=\"2025-08-18_11-55-11_184\" \/><\/li>\n                <li style=\"display: none; width: 100%;\" class=\"slide-421 ms-image \" aria-roledescription=\"slide\" data-date=\"2025-10-19 15:41:58\" data-filename=\"2025-08-18_14-09-22_0109_Grossfahrt25-scaled-1440x1080.jpg\" data-slide-type=\"image\"><img loading=\"lazy\" decoding=\"async\" src=\"https:\/\/www.pfadfinder-diessen.de\/wp-content\/uploads\/2025\/10\/2025-08-18_14-09-22_0109_Grossfahrt25-scaled-1440x1080.jpg\" height=\"1080\" width=\"1440\" alt=\"\" class=\"slider-368 slide-421 msDefaultImage\" title=\"2025-08-18_14-09-22_0109_Gro\u00dffahrt25\" \/><div class=\"caption-wrap\"><div class=\"caption\"><div>das sieht man \u00f6fter in S\u00fcdnorwegen<\/div><\/div><\/div><\/li>\n                <li style=\"display: none; width: 100%;\" class=\"slide-422 ms-image \" aria-roledescription=\"slide\" data-date=\"2025-10-19 15:41:58\" data-filename=\"2025-08-19_10-15-36_137-scaled-1440x1080.jpg\" data-slide-type=\"image\"><img loading=\"lazy\" decoding=\"async\" src=\"https:\/\/www.pfadfinder-diessen.de\/wp-content\/uploads\/2025\/10\/2025-08-19_10-15-36_137-scaled-1440x1080.jpg\" height=\"1080\" width=\"1440\" alt=\"\" class=\"slider-368 slide-422 msDefaultImage\" title=\"2025-08-19_10-15-36_137\" \/><div class=\"caption-wrap\"><div class=\"caption\"><div>Das ist der Weg!<\/div><\/div><\/div><\/li>\n                <li style=\"display: none; width: 100%;\" class=\"slide-423 ms-image \" aria-roledescription=\"slide\" data-date=\"2025-10-19 15:41:58\" data-filename=\"2025-08-19_11-41-30_0123_Grossfahrt25-scaled-1440x1080.jpg\" data-slide-type=\"image\"><img loading=\"lazy\" decoding=\"async\" src=\"https:\/\/www.pfadfinder-diessen.de\/wp-content\/uploads\/2025\/10\/2025-08-19_11-41-30_0123_Grossfahrt25-scaled-1440x1080.jpg\" height=\"1080\" width=\"1440\" alt=\"\" class=\"slider-368 slide-423 msDefaultImage\" title=\"2025-08-19_11-41-30_0123_Gro\u00dffahrt25\" \/><\/li>\n                <li style=\"display: none; width: 100%;\" class=\"slide-424 ms-image \" aria-roledescription=\"slide\" data-date=\"2025-10-19 15:41:59\" data-filename=\"2025-08-19_13-18-30_449-scaled-1440x1080.jpg\" data-slide-type=\"image\"><img loading=\"lazy\" decoding=\"async\" src=\"https:\/\/www.pfadfinder-diessen.de\/wp-content\/uploads\/2025\/10\/2025-08-19_13-18-30_449-scaled-1440x1080.jpg\" height=\"1080\" width=\"1440\" alt=\"\" class=\"slider-368 slide-424 msDefaultImage\" title=\"2025-08-19_13-18-30_449\" \/><\/li>\n                <li style=\"display: none; width: 100%;\" class=\"slide-425 ms-image \" aria-roledescription=\"slide\" data-date=\"2025-10-19 15:41:59\" data-filename=\"2025-08-19_19-05-56_167-scaled-1440x1080.jpg\" data-slide-type=\"image\"><img loading=\"lazy\" decoding=\"async\" src=\"https:\/\/www.pfadfinder-diessen.de\/wp-content\/uploads\/2025\/10\/2025-08-19_19-05-56_167-scaled-1440x1080.jpg\" height=\"1080\" width=\"1440\" alt=\"\" class=\"slider-368 slide-425 msDefaultImage\" title=\"2025-08-19_19-05-56_167\" \/><\/li>\n                <li style=\"display: none; width: 100%;\" class=\"slide-426 ms-image \" aria-roledescription=\"slide\" data-date=\"2025-10-19 15:41:59\" data-filename=\"2025-08-19_19-24-55_0127_Grossfahrt25-scaled-1440x1080.jpg\" data-slide-type=\"image\"><img loading=\"lazy\" decoding=\"async\" src=\"https:\/\/www.pfadfinder-diessen.de\/wp-content\/uploads\/2025\/10\/2025-08-19_19-24-55_0127_Grossfahrt25-scaled-1440x1080.jpg\" height=\"1080\" width=\"1440\" alt=\"\" class=\"slider-368 slide-426 msDefaultImage\" title=\"2025-08-19_19-24-55_0127_Gro\u00dffahrt25\" \/><\/li>\n                <li style=\"display: none; width: 100%;\" class=\"slide-427 ms-image \" aria-roledescription=\"slide\" data-date=\"2025-10-19 15:41:59\" data-filename=\"2025-08-19_19-49-18_392-scaled-1440x1080.jpg\" data-slide-type=\"image\"><img loading=\"lazy\" decoding=\"async\" src=\"https:\/\/www.pfadfinder-diessen.de\/wp-content\/uploads\/2025\/10\/2025-08-19_19-49-18_392-scaled-1440x1080.jpg\" height=\"1080\" width=\"1440\" alt=\"\" class=\"slider-368 slide-427 msDefaultImage\" title=\"2025-08-19_19-49-18_392\" \/><\/li>\n                <li style=\"display: none; width: 100%;\" class=\"slide-428 ms-image \" aria-roledescription=\"slide\" data-date=\"2025-10-19 15:41:59\" data-filename=\"2025-08-19_20-11-44_0133_Grossfahrt25-scaled-1440x1080.jpg\" data-slide-type=\"image\"><img loading=\"lazy\" decoding=\"async\" src=\"https:\/\/www.pfadfinder-diessen.de\/wp-content\/uploads\/2025\/10\/2025-08-19_20-11-44_0133_Grossfahrt25-scaled-1440x1080.jpg\" height=\"1080\" width=\"1440\" alt=\"\" class=\"slider-368 slide-428 msDefaultImage\" title=\"2025-08-19_20-11-44_0133_Gro\u00dffahrt25\" \/><\/li>\n                <li style=\"display: none; width: 100%;\" class=\"slide-429 ms-image \" aria-roledescription=\"slide\" data-date=\"2025-10-19 15:41:59\" data-filename=\"2025-08-20_13-42-34_0143_Grossfahrt25-scaled-1440x1080.jpg\" data-slide-type=\"image\"><img loading=\"lazy\" decoding=\"async\" src=\"https:\/\/www.pfadfinder-diessen.de\/wp-content\/uploads\/2025\/10\/2025-08-20_13-42-34_0143_Grossfahrt25-scaled-1440x1080.jpg\" height=\"1080\" width=\"1440\" alt=\"\" class=\"slider-368 slide-429 msDefaultImage\" title=\"2025-08-20_13-42-34_0143_Gro\u00dffahrt25\" \/><\/li>\n                <li style=\"display: none; width: 100%;\" class=\"slide-430 ms-image \" aria-roledescription=\"slide\" data-date=\"2025-10-19 15:41:59\" data-filename=\"2025-08-20_19-08-58_0144_Grossfahrt25-scaled-1440x1080.jpg\" data-slide-type=\"image\"><img loading=\"lazy\" decoding=\"async\" src=\"https:\/\/www.pfadfinder-diessen.de\/wp-content\/uploads\/2025\/10\/2025-08-20_19-08-58_0144_Grossfahrt25-scaled-1440x1080.jpg\" height=\"1080\" width=\"1440\" alt=\"\" class=\"slider-368 slide-430 msDefaultImage\" title=\"2025-08-20_19-08-58_0144_Gro\u00dffahrt25\" \/><\/li>\n                <li style=\"display: none; width: 100%;\" class=\"slide-431 ms-image \" aria-roledescription=\"slide\" data-date=\"2025-10-19 15:41:59\" data-filename=\"2025-08-21_17-23-20_0163_Grossfahrt25-scaled-1440x1080.jpg\" data-slide-type=\"image\"><img loading=\"lazy\" decoding=\"async\" src=\"https:\/\/www.pfadfinder-diessen.de\/wp-content\/uploads\/2025\/10\/2025-08-21_17-23-20_0163_Grossfahrt25-scaled-1440x1080.jpg\" height=\"1080\" width=\"1440\" alt=\"\" class=\"slider-368 slide-431 msDefaultImage\" title=\"2025-08-21_17-23-20_0163_Gro\u00dffahrt25\" \/><\/li>\n                <li style=\"display: none; width: 100%;\" class=\"slide-440 ms-image \" aria-roledescription=\"slide\" data-date=\"2025-10-19 15:54:28\" data-filename=\"2025-08-21_17-25-28_0164_Grossfahrt25-scaled-1440x1080.jpg\" data-slide-type=\"image\"><img loading=\"lazy\" decoding=\"async\" src=\"https:\/\/www.pfadfinder-diessen.de\/wp-content\/uploads\/2025\/10\/2025-08-21_17-25-28_0164_Grossfahrt25-scaled-1440x1080.jpg\" height=\"1080\" width=\"1440\" alt=\"\" class=\"slider-368 slide-440 msDefaultImage\" title=\"2025-08-21_17-25-28_0164_Gro\u00dffahrt25\" \/><\/li>\n                <li style=\"display: none; width: 100%;\" class=\"slide-432 ms-image \" aria-roledescription=\"slide\" data-date=\"2025-10-19 15:41:59\" data-filename=\"2025-08-21_20-18-51_0167_Grossfahrt25-scaled-1440x1080.jpg\" data-slide-type=\"image\"><img loading=\"lazy\" decoding=\"async\" src=\"https:\/\/www.pfadfinder-diessen.de\/wp-content\/uploads\/2025\/10\/2025-08-21_20-18-51_0167_Grossfahrt25-scaled-1440x1080.jpg\" height=\"1080\" width=\"1440\" alt=\"\" class=\"slider-368 slide-432 msDefaultImage\" title=\"2025-08-21_20-18-51_0167_Gro\u00dffahrt25\" \/><\/li>\n                <li style=\"display: none; width: 100%;\" class=\"slide-433 ms-image \" aria-roledescription=\"slide\" data-date=\"2025-10-19 15:41:59\" data-filename=\"2025-08-21_20-34-45_0169_Grossfahrt25-scaled-1440x1080.jpg\" data-slide-type=\"image\"><img loading=\"lazy\" decoding=\"async\" src=\"https:\/\/www.pfadfinder-diessen.de\/wp-content\/uploads\/2025\/10\/2025-08-21_20-34-45_0169_Grossfahrt25-scaled-1440x1080.jpg\" height=\"1080\" width=\"1440\" alt=\"\" class=\"slider-368 slide-433 msDefaultImage\" title=\"2025-08-21_20-34-45_0169_Gro\u00dffahrt25\" \/><\/li>\n                <li style=\"display: none; width: 100%;\" class=\"slide-434 ms-image \" aria-roledescription=\"slide\" data-date=\"2025-10-19 15:41:59\" data-filename=\"2025-08-21_22-03-39_002-1440x1080.jpg\" data-slide-type=\"image\"><img loading=\"lazy\" decoding=\"async\" src=\"https:\/\/www.pfadfinder-diessen.de\/wp-content\/uploads\/2025\/10\/2025-08-21_22-03-39_002-1440x1080.jpg\" height=\"1080\" width=\"1440\" alt=\"\" class=\"slider-368 slide-434 msDefaultImage\" title=\"2025-08-21_22-03-39_002\" \/><\/li>\n                <li style=\"display: none; width: 100%;\" class=\"slide-435 ms-image \" aria-roledescription=\"slide\" data-date=\"2025-10-19 15:41:59\" data-filename=\"2025-08-22_14-02-41_871-scaled-1440x1080.jpg\" data-slide-type=\"image\"><img loading=\"lazy\" decoding=\"async\" src=\"https:\/\/www.pfadfinder-diessen.de\/wp-content\/uploads\/2025\/10\/2025-08-22_14-02-41_871-scaled-1440x1080.jpg\" height=\"1080\" width=\"1440\" alt=\"\" class=\"slider-368 slide-435 msDefaultImage\" title=\"2025-08-22_14-02-41_871\" \/><\/li>\n                <li style=\"display: none; width: 100%;\" class=\"slide-436 ms-image \" aria-roledescription=\"slide\" data-date=\"2025-10-19 15:41:59\" data-filename=\"2025-08-22_15-12-19_0190_Grossfahrt25-scaled-1440x1080.jpg\" data-slide-type=\"image\"><img loading=\"lazy\" decoding=\"async\" src=\"https:\/\/www.pfadfinder-diessen.de\/wp-content\/uploads\/2025\/10\/2025-08-22_15-12-19_0190_Grossfahrt25-scaled-1440x1080.jpg\" height=\"1080\" width=\"1440\" alt=\"\" class=\"slider-368 slide-436 msDefaultImage\" title=\"2025-08-22_15-12-19_0190_Gro\u00dffahrt25\" \/><\/li>\n                <li style=\"display: none; width: 100%;\" class=\"slide-437 ms-image \" aria-roledescription=\"slide\" data-date=\"2025-10-19 15:42:00\" data-filename=\"2025-08-22_16-13-49_0191_Grossfahrt25-scaled-1440x1080.jpg\" data-slide-type=\"image\"><img loading=\"lazy\" decoding=\"async\" src=\"https:\/\/www.pfadfinder-diessen.de\/wp-content\/uploads\/2025\/10\/2025-08-22_16-13-49_0191_Grossfahrt25-scaled-1440x1080.jpg\" height=\"1080\" width=\"1440\" alt=\"\" class=\"slider-368 slide-437 msDefaultImage\" title=\"2025-08-22_16-13-49_0191_Gro\u00dffahrt25\" \/><\/li>\n                <li style=\"display: none; width: 100%;\" class=\"slide-438 ms-image \" aria-roledescription=\"slide\" data-date=\"2025-10-19 15:42:00\" data-filename=\"2025-08-22_17-06-22_0194_Grossfahrt25-scaled-1440x1080.jpg\" data-slide-type=\"image\"><img loading=\"lazy\" decoding=\"async\" src=\"https:\/\/www.pfadfinder-diessen.de\/wp-content\/uploads\/2025\/10\/2025-08-22_17-06-22_0194_Grossfahrt25-scaled-1440x1080.jpg\" height=\"1080\" width=\"1440\" alt=\"\" class=\"slider-368 slide-438 msDefaultImage\" title=\"2025-08-22_17-06-22_0194_Gro\u00dffahrt25\" \/><\/li>\n                <li style=\"display: none; width: 100%;\" class=\"slide-456 ms-image \" aria-roledescription=\"slide\" data-date=\"2025-10-19 16:06:34\" data-filename=\"2025-08-22_17-07-51_0195_Grossfahrt25-scaled-1440x1080.jpg\" data-slide-type=\"image\"><img loading=\"lazy\" decoding=\"async\" src=\"https:\/\/www.pfadfinder-diessen.de\/wp-content\/uploads\/2025\/10\/2025-08-22_17-07-51_0195_Grossfahrt25-scaled-1440x1080.jpg\" height=\"1080\" width=\"1440\" alt=\"\" class=\"slider-368 slide-456 msDefaultImage\" title=\"2025-08-22_17-07-51_0195_Gro\u00dffahrt25\" \/><\/li>\n                <li style=\"display: none; width: 100%;\" class=\"slide-457 ms-image \" aria-roledescription=\"slide\" data-date=\"2025-10-19 16:06:34\" data-filename=\"2025-08-23_11-05-00_0202_Grossfahrt25-scaled-1440x1080.jpg\" data-slide-type=\"image\"><img loading=\"lazy\" decoding=\"async\" src=\"https:\/\/www.pfadfinder-diessen.de\/wp-content\/uploads\/2025\/10\/2025-08-23_11-05-00_0202_Grossfahrt25-scaled-1440x1080.jpg\" height=\"1080\" width=\"1440\" alt=\"Ein Blick in einen lichten Fichtenwald aus einer Holzh\u00fctte\" class=\"slider-368 slide-457 msDefaultImage\" title=\"2025-08-23_11-05-00_0202_Gro\u00dffahrt25\" \/><\/li>\n                <li style=\"display: none; width: 100%;\" class=\"slide-458 ms-image \" aria-roledescription=\"slide\" data-date=\"2025-10-19 16:06:34\" data-filename=\"2025-08-24_16-18-59_0223_Grossfahrt25-scaled-1440x1080.jpg\" data-slide-type=\"image\"><img loading=\"lazy\" decoding=\"async\" src=\"https:\/\/www.pfadfinder-diessen.de\/wp-content\/uploads\/2025\/10\/2025-08-24_16-18-59_0223_Grossfahrt25-scaled-1440x1080.jpg\" height=\"1080\" width=\"1440\" alt=\"\" class=\"slider-368 slide-458 msDefaultImage\" title=\"2025-08-24_16-18-59_0223_Gro\u00dffahrt25\" \/><\/li>\n                <li style=\"display: none; width: 100%;\" class=\"slide-459 ms-image \" aria-roledescription=\"slide\" data-date=\"2025-10-19 16:06:34\" data-filename=\"2025-08-24_16-21-20_0224_Grossfahrt25-scaled-1440x1080.jpg\" data-slide-type=\"image\"><img loading=\"lazy\" decoding=\"async\" src=\"https:\/\/www.pfadfinder-diessen.de\/wp-content\/uploads\/2025\/10\/2025-08-24_16-21-20_0224_Grossfahrt25-scaled-1440x1080.jpg\" height=\"1080\" width=\"1440\" alt=\"\" class=\"slider-368 slide-459 msDefaultImage\" title=\"2025-08-24_16-21-20_0224_Gro\u00dffahrt25\" \/><div class=\"caption-wrap\"><div class=\"caption\"><div>die M\u00e4delsgruppe war schon vor der Leitergruppe auf dem Platz<\/div><\/div><\/div><\/li>\n                <li style=\"display: none; width: 100%;\" class=\"slide-480 ms-image \" aria-roledescription=\"slide\" data-date=\"2025-10-19 16:10:34\" data-filename=\"2025-08-24_20-20-03_0230_Grossfahrt25-scaled-1440x1080.jpg\" data-slide-type=\"image\"><img loading=\"lazy\" decoding=\"async\" src=\"https:\/\/www.pfadfinder-diessen.de\/wp-content\/uploads\/2025\/10\/2025-08-24_20-20-03_0230_Grossfahrt25-scaled-1440x1080.jpg\" height=\"1080\" width=\"1440\" alt=\"\" class=\"slider-368 slide-480 msDefaultImage\" title=\"Maker:0x4c,Date:2017-10-20,Ver:4,Lens:Kan03,Act:Lar01,E-Y\" \/><\/li>\n                <li style=\"display: none; width: 100%;\" class=\"slide-481 ms-image \" aria-roledescription=\"slide\" data-date=\"2025-10-19 16:10:34\" data-filename=\"2025-08-25_15-39-02_0236_Grossfahrt25-scaled-1440x1080.jpg\" data-slide-type=\"image\"><img loading=\"lazy\" decoding=\"async\" src=\"https:\/\/www.pfadfinder-diessen.de\/wp-content\/uploads\/2025\/10\/2025-08-25_15-39-02_0236_Grossfahrt25-scaled-1440x1080.jpg\" height=\"1080\" width=\"1440\" alt=\"\" class=\"slider-368 slide-481 msDefaultImage\" title=\"2025-08-25_15-39-02_0236_Gro\u00dffahrt25\" \/><\/li>\n                <li style=\"display: none; width: 100%;\" class=\"slide-460 ms-image \" aria-roledescription=\"slide\" data-date=\"2025-10-19 16:06:34\" data-filename=\"2025-08-25_19-51-48_0239_Grossfahrt25-scaled-1440x1080.jpg\" data-slide-type=\"image\"><img loading=\"lazy\" decoding=\"async\" src=\"https:\/\/www.pfadfinder-diessen.de\/wp-content\/uploads\/2025\/10\/2025-08-25_19-51-48_0239_Grossfahrt25-scaled-1440x1080.jpg\" height=\"1080\" width=\"1440\" alt=\"\" class=\"slider-368 slide-460 msDefaultImage\" title=\"Maker:0x4c,Date:2017-10-20,Ver:4,Lens:Kan03,Act:Lar01,E-Y\" \/><\/li>\n                <li style=\"display: none; width: 100%;\" class=\"slide-461 ms-image \" aria-roledescription=\"slide\" data-date=\"2025-10-19 16:06:34\" data-filename=\"2025-08-25_22-11-25_0242_Grossfahrt25-scaled-1440x1080.jpg\" data-slide-type=\"image\"><img loading=\"lazy\" decoding=\"async\" src=\"https:\/\/www.pfadfinder-diessen.de\/wp-content\/uploads\/2025\/10\/2025-08-25_22-11-25_0242_Grossfahrt25-scaled-1440x1080.jpg\" height=\"1080\" width=\"1440\" alt=\"\" class=\"slider-368 slide-461 msDefaultImage\" title=\"2025-08-25_22-11-25_0242_Gro\u00dffahrt25\" \/><\/li>\n                <li style=\"display: none; width: 100%;\" class=\"slide-462 ms-image \" aria-roledescription=\"slide\" data-date=\"2025-10-19 16:06:34\" data-filename=\"2025-08-26_12-03-36_450-scaled-1440x1080.jpg\" data-slide-type=\"image\"><img loading=\"lazy\" decoding=\"async\" src=\"https:\/\/www.pfadfinder-diessen.de\/wp-content\/uploads\/2025\/10\/2025-08-26_12-03-36_450-scaled-1440x1080.jpg\" height=\"1080\" width=\"1440\" alt=\"\" class=\"slider-368 slide-462 msDefaultImage\" title=\"2025-08-26_12-03-36_450\" \/><\/li>\n                <li style=\"display: none; width: 100%;\" class=\"slide-463 ms-image \" aria-roledescription=\"slide\" data-date=\"2025-10-19 16:06:34\" data-filename=\"2025-08-26_13-16-05_235-scaled-1440x1080.jpg\" data-slide-type=\"image\"><img loading=\"lazy\" decoding=\"async\" src=\"https:\/\/www.pfadfinder-diessen.de\/wp-content\/uploads\/2025\/10\/2025-08-26_13-16-05_235-scaled-1440x1080.jpg\" height=\"1080\" width=\"1440\" alt=\"\" class=\"slider-368 slide-463 msDefaultImage\" title=\"2025-08-26_13-16-05_235\" \/><\/li>\n                <li style=\"display: none; width: 100%;\" class=\"slide-464 ms-image \" aria-roledescription=\"slide\" data-date=\"2025-10-19 16:06:34\" data-filename=\"2025-08-27_13-39-43_0255_Grossfahrt25-scaled-1400x1050.jpg\" data-slide-type=\"image\"><img loading=\"lazy\" decoding=\"async\" src=\"https:\/\/www.pfadfinder-diessen.de\/wp-content\/uploads\/2025\/10\/2025-08-27_13-39-43_0255_Grossfahrt25-scaled-1400x1050.jpg\" height=\"1080\" width=\"1440\" alt=\"\" class=\"slider-368 slide-464 msDefaultImage\" title=\"2025-08-27_13-39-43_0255_Gro\u00dffahrt25\" \/><\/li>\n                <li style=\"display: none; width: 100%;\" class=\"slide-465 ms-image \" aria-roledescription=\"slide\" data-date=\"2025-10-19 16:06:34\" data-filename=\"2025-08-27_14-48-50_0256_Grossfahrt25-scaled-1440x1080.jpg\" data-slide-type=\"image\"><img loading=\"lazy\" decoding=\"async\" src=\"https:\/\/www.pfadfinder-diessen.de\/wp-content\/uploads\/2025\/10\/2025-08-27_14-48-50_0256_Grossfahrt25-scaled-1440x1080.jpg\" height=\"1080\" width=\"1440\" alt=\"\" class=\"slider-368 slide-465 msDefaultImage\" title=\"2025-08-27_14-48-50_0256_Gro\u00dffahrt25\" \/><div class=\"caption-wrap\"><div class=\"caption\"><div>Das Thing in Oslo<\/div><\/div><\/div><\/li>\n                <li style=\"display: none; width: 100%;\" class=\"slide-466 ms-image \" aria-roledescription=\"slide\" data-date=\"2025-10-19 16:06:35\" data-filename=\"2025-08-27_15-00-38_200-scaled-1440x1080.jpg\" data-slide-type=\"image\"><img loading=\"lazy\" decoding=\"async\" src=\"https:\/\/www.pfadfinder-diessen.de\/wp-content\/uploads\/2025\/10\/2025-08-27_15-00-38_200-scaled-1440x1080.jpg\" height=\"1080\" width=\"1440\" alt=\"\" class=\"slider-368 slide-466 msDefaultImage\" title=\"2025-08-27_15-00-38_200\" \/><\/li>\n                <li style=\"display: none; width: 100%;\" class=\"slide-467 ms-image \" aria-roledescription=\"slide\" data-date=\"2025-10-19 16:06:35\" data-filename=\"2025-08-27_16-01-26_0259_Grossfahrt25-scaled-1440x1080.jpg\" data-slide-type=\"image\"><img loading=\"lazy\" decoding=\"async\" src=\"https:\/\/www.pfadfinder-diessen.de\/wp-content\/uploads\/2025\/10\/2025-08-27_16-01-26_0259_Grossfahrt25-scaled-1440x1080.jpg\" height=\"1080\" width=\"1440\" alt=\"\" class=\"slider-368 slide-467 msDefaultImage\" title=\"2025-08-27_16-01-26_0259_Gro\u00dffahrt25\" \/><div class=\"caption-wrap\"><div class=\"caption\"><div>Unsere Foto-challenge durch Oslo<\/div><\/div><\/div><\/li>\n                <li style=\"display: none; width: 100%;\" class=\"slide-468 ms-image \" aria-roledescription=\"slide\" data-date=\"2025-10-19 16:06:35\" data-filename=\"2025-08-27_16-11-39_0261_Grossfahrt25-scaled-1440x1080.jpg\" data-slide-type=\"image\"><img loading=\"lazy\" decoding=\"async\" src=\"https:\/\/www.pfadfinder-diessen.de\/wp-content\/uploads\/2025\/10\/2025-08-27_16-11-39_0261_Grossfahrt25-scaled-1440x1080.jpg\" height=\"1080\" width=\"1440\" alt=\"Foto-Challenge in Oslo\" class=\"slider-368 slide-468 msDefaultImage\" title=\"2025-08-27_16-11-39_0261_Gro\u00dffahrt25\" \/><\/li>\n                <li style=\"display: none; width: 100%;\" class=\"slide-469 ms-image \" aria-roledescription=\"slide\" data-date=\"2025-10-19 16:06:35\" data-filename=\"2025-08-27_16-58-52_0275_Grossfahrt25-scaled-1440x1080.jpg\" data-slide-type=\"image\"><img loading=\"lazy\" decoding=\"async\" src=\"https:\/\/www.pfadfinder-diessen.de\/wp-content\/uploads\/2025\/10\/2025-08-27_16-58-52_0275_Grossfahrt25-scaled-1440x1080.jpg\" height=\"1080\" width=\"1440\" alt=\"\" class=\"slider-368 slide-469 msDefaultImage\" title=\"2025-08-27_16-58-52_0275_Gro\u00dffahrt25\" \/><\/li>\n                <li style=\"display: none; width: 100%;\" class=\"slide-492 ms-image \" aria-roledescription=\"slide\" data-date=\"2025-10-19 16:20:43\" data-filename=\"2025-08-28_13-21-12_0285_Grossfahrt25-scaled-1440x1080.jpg\" data-slide-type=\"image\"><img loading=\"lazy\" decoding=\"async\" src=\"https:\/\/www.pfadfinder-diessen.de\/wp-content\/uploads\/2025\/10\/2025-08-28_13-21-12_0285_Grossfahrt25-scaled-1440x1080.jpg\" height=\"1080\" width=\"1440\" alt=\"\" class=\"slider-368 slide-492 msDefaultImage\" title=\"2025-08-28_13-21-12_0285_Gro\u00dffahrt25\" \/><\/li>\n                <li style=\"display: none; width: 100%;\" class=\"slide-470 ms-image \" aria-roledescription=\"slide\" data-date=\"2025-10-19 16:06:35\" data-filename=\"2025-08-28_21-52-14_Grossfahrt25-scaled-1440x1080.jpg\" data-slide-type=\"image\"><img loading=\"lazy\" decoding=\"async\" src=\"https:\/\/www.pfadfinder-diessen.de\/wp-content\/uploads\/2025\/10\/2025-08-28_21-52-14_Grossfahrt25-scaled-1440x1080.jpg\" height=\"1080\" width=\"1440\" alt=\"\" class=\"slider-368 slide-470 msDefaultImage\" title=\"2025-08-28_21-52-14_Gro\u00dffahrt25\" \/><\/li>\n                <li style=\"display: none; width: 100%;\" class=\"slide-482 ms-image \" aria-roledescription=\"slide\" data-date=\"2025-10-19 16:10:34\" data-filename=\"2025-08-29_15-10-05_0313_Grossfahrt25-scaled-1440x1080.jpg\" data-slide-type=\"image\"><img loading=\"lazy\" decoding=\"async\" src=\"https:\/\/www.pfadfinder-diessen.de\/wp-content\/uploads\/2025\/10\/2025-08-29_15-10-05_0313_Grossfahrt25-scaled-1440x1080.jpg\" height=\"1080\" width=\"1440\" alt=\"\" class=\"slider-368 slide-482 msDefaultImage\" title=\"Maker:0x4c,Date:2017-10-20,Ver:4,Lens:Kan03,Act:Lar01,E-Y\" \/><div class=\"caption-wrap\"><div class=\"caption\"><div>mussten wir auf der F\u00e4hre zur\u00fcck abgeben vgl 29.08.25<\/div><\/div><\/div><\/li>\n                <li style=\"display: none; width: 100%;\" class=\"slide-483 ms-image \" aria-roledescription=\"slide\" data-date=\"2025-10-19 16:10:34\" data-filename=\"2025-08-29_16-51-15_0315_Grossfahrt25-scaled-1440x1080.jpg\" data-slide-type=\"image\"><img loading=\"lazy\" decoding=\"async\" src=\"https:\/\/www.pfadfinder-diessen.de\/wp-content\/uploads\/2025\/10\/2025-08-29_16-51-15_0315_Grossfahrt25-scaled-1440x1080.jpg\" height=\"1080\" width=\"1440\" alt=\"\" class=\"slider-368 slide-483 msDefaultImage\" \/><\/li>\n                <li style=\"display: none; width: 100%;\" class=\"slide-484 ms-image \" aria-roledescription=\"slide\" data-date=\"2025-10-19 16:10:34\" data-filename=\"2025-08-29_17-34-19_0318_Grossfahrt25-scaled-1440x1080.jpg\" data-slide-type=\"image\"><img loading=\"lazy\" decoding=\"async\" src=\"https:\/\/www.pfadfinder-diessen.de\/wp-content\/uploads\/2025\/10\/2025-08-29_17-34-19_0318_Grossfahrt25-scaled-1440x1080.jpg\" height=\"1080\" width=\"1440\" alt=\"\" class=\"slider-368 slide-484 msDefaultImage\" title=\"2025-08-29_17-34-19_0318_Gro\u00dffahrt25\" \/><\/li>\n                <li style=\"display: none; width: 100%;\" class=\"slide-485 ms-image \" aria-roledescription=\"slide\" data-date=\"2025-10-19 16:10:34\" data-filename=\"2025-08-29_20-05-04_0322_Grossfahrt25-scaled-1440x1080.jpg\" data-slide-type=\"image\"><img loading=\"lazy\" decoding=\"async\" src=\"https:\/\/www.pfadfinder-diessen.de\/wp-content\/uploads\/2025\/10\/2025-08-29_20-05-04_0322_Grossfahrt25-scaled-1440x1080.jpg\" height=\"1080\" width=\"1440\" alt=\"\" class=\"slider-368 slide-485 msDefaultImage\" title=\"Whirlpool\" \/><div class=\"caption-wrap\"><div class=\"caption\"><div>kostenfreier Spa-Bereich<\/div><\/div><\/div><\/li>\n                <li style=\"display: none; width: 100%;\" class=\"slide-486 ms-image \" aria-roledescription=\"slide\" data-date=\"2025-10-19 16:10:34\" data-filename=\"2025-08-30_12-33-43_0332_Grossfahrt25-scaled-1440x1080.jpg\" data-slide-type=\"image\"><img loading=\"lazy\" decoding=\"async\" src=\"https:\/\/www.pfadfinder-diessen.de\/wp-content\/uploads\/2025\/10\/2025-08-30_12-33-43_0332_Grossfahrt25-scaled-1440x1080.jpg\" height=\"1080\" width=\"1440\" alt=\"\" class=\"slider-368 slide-486 msDefaultImage\" title=\"2025-08-30_12-33-43_0332_Gro\u00dffahrt25\" \/><div class=\"caption-wrap\"><div class=\"caption\"><div>Kopenhagen<\/div><\/div><\/div><\/li>\n                <li style=\"display: none; width: 100%;\" class=\"slide-487 ms-image \" aria-roledescription=\"slide\" data-date=\"2025-10-19 16:10:34\" data-filename=\"2025-08-30_15-58-33_0334_Grossfahrt25-scaled-1440x1080.jpg\" data-slide-type=\"image\"><img loading=\"lazy\" decoding=\"async\" src=\"https:\/\/www.pfadfinder-diessen.de\/wp-content\/uploads\/2025\/10\/2025-08-30_15-58-33_0334_Grossfahrt25-scaled-1440x1080.jpg\" height=\"1080\" width=\"1440\" alt=\"\" class=\"slider-368 slide-487 msDefaultImage\" title=\"2025-08-30_15-58-33_0334_Gro\u00dffahrt25\" \/><div class=\"caption-wrap\"><div class=\"caption\"><div>waren am Bahnhof Kopenhagen<\/div><\/div><\/div><\/li>\n                <li style=\"display: none; width: 100%;\" class=\"slide-488 ms-image \" aria-roledescription=\"slide\" data-date=\"2025-10-19 16:10:34\" data-filename=\"2025-08-30_20-24-02_0340_Grossfahrt25-scaled-1440x1080.jpg\" data-slide-type=\"image\"><img loading=\"lazy\" decoding=\"async\" src=\"https:\/\/www.pfadfinder-diessen.de\/wp-content\/uploads\/2025\/10\/2025-08-30_20-24-02_0340_Grossfahrt25-scaled-1440x1080.jpg\" height=\"1080\" width=\"1440\" alt=\"\" class=\"slider-368 slide-488 msDefaultImage\" title=\"2025-08-30_20-24-02_0340_Gro\u00dffahrt25\" \/><div class=\"caption-wrap\"><div class=\"caption\"><div>im Zug Kopenhagen -&gt; Hamburg<\/div><\/div><\/div><\/li>\n                <li style=\"display: none; width: 100%;\" class=\"slide-490 ms-image \" aria-roledescription=\"slide\" data-date=\"2025-10-19 16:13:34\" data-filename=\"2025-08-31_08-20-17_0349_Grossfahrt25-scaled-1440x1080.jpg\" data-slide-type=\"image\"><img loading=\"lazy\" decoding=\"async\" src=\"https:\/\/www.pfadfinder-diessen.de\/wp-content\/uploads\/2025\/10\/2025-08-31_08-20-17_0349_Grossfahrt25-scaled-1440x1080.jpg\" height=\"1080\" width=\"1440\" alt=\"\" class=\"slider-368 slide-490 msDefaultImage\" title=\"2025-08-31_08-20-17_0349_Gro\u00dffahrt25\" \/><div class=\"caption-wrap\"><div class=\"caption\"><div>Schienenersatzverkehr zur\u00fcck nach Die\u00dfen<\/div><\/div><\/div><\/li>\n            <\/ul>\n        <\/div>\n        \n    <\/div>\n<\/div>\n","protected":false},"excerpt":{"rendered":"<p>Wie berichtet man von einer Gro\u00dffahrt? Das nenne ich mal eine Herausforderung! Erstmal die Eckpunkte: Wir waren 8 Wanderfalken, 4 Eulen und 4 Leiter*innen und Leiter aus verschiedenen Gruppen. Wir waren vom 14. &#8211; 31. August unterwegs. Und der Rest in chronologischer Reihenfolge: 14.08.25 Wir trafen uns im Laufe des Nachmittags in Die\u00dfen, am Bahnhof. [&hellip;]<\/p>\n","protected":false},"author":4,"featured_media":366,"comment_status":"closed","ping_status":"open","sticky":false,"template":"","format":"standard","meta":{"footnotes":""},"categories":[39],"tags":[33,34,27,37,35,38,31],"class_list":["post-365","post","type-post","status-publish","format-standard","has-post-thumbnail","hentry","category-aktion","tag-haijk","tag-hike","tag-norwegen","tag-pfadfinder","tag-rover","tag-wandern","tag-zeltlager"],"_links":{"self":[{"href":"https:\/\/www.pfadfinder-diessen.de\/index.php\/wp-json\/wp\/v2\/posts\/365","targetHints":{"allow":["GET"]}}],"collection":[{"href":"https:\/\/www.pfadfinder-diessen.de\/index.php\/wp-json\/wp\/v2\/posts"}],"about":[{"href":"https:\/\/www.pfadfinder-diessen.de\/index.php\/wp-json\/wp\/v2\/types\/post"}],"author":[{"embeddable":true,"href":"https:\/\/www.pfadfinder-diessen.de\/index.php\/wp-json\/wp\/v2\/users\/4"}],"replies":[{"embeddable":true,"href":"https:\/\/www.pfadfinder-diessen.de\/index.php\/wp-json\/wp\/v2\/comments?post=365"}],"version-history":[{"count":8,"href":"https:\/\/www.pfadfinder-diessen.de\/index.php\/wp-json\/wp\/v2\/posts\/365\/revisions"}],"predecessor-version":[{"id":517,"href":"https:\/\/www.pfadfinder-diessen.de\/index.php\/wp-json\/wp\/v2\/posts\/365\/revisions\/517"}],"wp:featuredmedia":[{"embeddable":true,"href":"https:\/\/www.pfadfinder-diessen.de\/index.php\/wp-json\/wp\/v2\/media\/366"}],"wp:attachment":[{"href":"https:\/\/www.pfadfinder-diessen.de\/index.php\/wp-json\/wp\/v2\/media?parent=365"}],"wp:term":[{"taxonomy":"category","embeddable":true,"href":"https:\/\/www.pfadfinder-diessen.de\/index.php\/wp-json\/wp\/v2\/categories?post=365"},{"taxonomy":"post_tag","embeddable":true,"href":"https:\/\/www.pfadfinder-diessen.de\/index.php\/wp-json\/wp\/v2\/tags?post=365"}],"curies":[{"name":"wp","href":"https:\/\/api.w.org\/{rel}","templated":true}]}}