{"id":513,"date":"2025-11-19T15:40:38","date_gmt":"2025-11-19T14:40:38","guid":{"rendered":"https:\/\/www.pfadfinder-diessen.de\/?p=513"},"modified":"2025-12-08T20:08:12","modified_gmt":"2025-12-08T19:08:12","slug":"neue-s-kothen-braucht-der-stamm","status":"publish","type":"post","link":"https:\/\/www.pfadfinder-diessen.de\/index.php\/2025\/11\/19\/neue-s-kothen-braucht-der-stamm\/","title":{"rendered":"Neue S-Kothen braucht der Stamm!"},"content":{"rendered":"\n<p>Am 14. November \u00fcberreichten Frau B\u00fcrgermeisterin Sandra Perzul f\u00fcr den <a href=\"http:\/\/diessen.de\" data-type=\"link\" data-id=\"diessen.de\">Markt Die\u00dfen<\/a> und Herr Franz B\u00f6ck f\u00fcr die <a href=\"https:\/\/www.sparkasse-landsberg.de\" data-type=\"link\" data-id=\"https:\/\/www.sparkasse-landsberg.de\">Sparkasse Landsberg-Die\u00dfen<\/a> einen symbolischen Scheck \u00fcber 2000 \u20ac f\u00fcr neue Zelte an Apaxhee und Joni vor einer der neu angeschafften S-Kothen unseres Stammes. Insgesamt 3 Zelte f\u00fcr etwas \u00fcber 3900 \u20ac hat unser Stamm neu angeschafft, um endlich genug eigene Zelte f\u00fcr Lager und Aktionen zur Verf\u00fcgung zu haben, ohne sich solche st\u00e4ndig leihen zu m\u00fcssen. Insbesondere auf der Gro\u00dffahrt und auf dem Sommerlager, aber auch schon auf dem Pfingstlager hatten wir uns fremde Zelte ausleihen m\u00fcssen, um unsere Teilnehmer alle unterzubringen.<\/p>\n\n\n\n<p>Jetzt sind wir mit 5 S-Kothen und vier Jurten  insgesamt wieder in der Lage, allen ein Dach \u00fcberm Kopf zu bieten. Vielen Dank an die gro\u00dfz\u00fcgigen Spender, zu denen auch die <a href=\"https:\/\/www.vcp-bayern.de\/unterstuetze-uns\/stiftung-vcp-in-bayern\">Stiftung VCP in Bayern<\/a> und der <a href=\"https:\/\/kjr-landsberg.de\/\" data-type=\"link\" data-id=\"https:\/\/kjr-landsberg.de\/\">KJR Landsberg<\/a> mit je 500 \u20ac und die <a href=\"https:\/\/www.evangelisch-am-ammersee.de\/\" data-type=\"link\" data-id=\"https:\/\/www.evangelisch-am-ammersee.de\/\">evangelische Kirchengemeinde<\/a> mit 300 \u20ac Beitrag geh\u00f6ren! Ihr seid super!<\/p>\n\n\n\n<p><\/p>\n","protected":false},"excerpt":{"rendered":"<p>Am 14. November \u00fcberreichten Frau B\u00fcrgermeisterin Sandra Perzul f\u00fcr den Markt Die\u00dfen und Herr Franz B\u00f6ck f\u00fcr die Sparkasse Landsberg-Die\u00dfen einen symbolischen Scheck \u00fcber 2000 \u20ac f\u00fcr neue Zelte an Apaxhee und Joni vor einer der neu angeschafften S-Kothen unseres Stammes. Insgesamt 3 Zelte f\u00fcr etwas \u00fcber 3900 \u20ac hat unser Stamm neu angeschafft, um [&hellip;]<\/p>\n","protected":false},"author":4,"featured_media":514,"comment_status":"closed","ping_status":"open","sticky":false,"template":"","format":"standard","meta":{"footnotes":""},"categories":[1],"tags":[41,37,42,7,43],"class_list":["post-513","post","type-post","status-publish","format-standard","has-post-thumbnail","hentry","category-allgemein","tag-kothe","tag-pfadfinder","tag-scheck","tag-spende","tag-wanderffalken"],"_links":{"self":[{"href":"https:\/\/www.pfadfinder-diessen.de\/index.php\/wp-json\/wp\/v2\/posts\/513","targetHints":{"allow":["GET"]}}],"collection":[{"href":"https:\/\/www.pfadfinder-diessen.de\/index.php\/wp-json\/wp\/v2\/posts"}],"about":[{"href":"https:\/\/www.pfadfinder-diessen.de\/index.php\/wp-json\/wp\/v2\/types\/post"}],"author":[{"embeddable":true,"href":"https:\/\/www.pfadfinder-diessen.de\/index.php\/wp-json\/wp\/v2\/users\/4"}],"replies":[{"embeddable":true,"href":"https:\/\/www.pfadfinder-diessen.de\/index.php\/wp-json\/wp\/v2\/comments?post=513"}],"version-history":[{"count":1,"href":"https:\/\/www.pfadfinder-diessen.de\/index.php\/wp-json\/wp\/v2\/posts\/513\/revisions"}],"predecessor-version":[{"id":515,"href":"https:\/\/www.pfadfinder-diessen.de\/index.php\/wp-json\/wp\/v2\/posts\/513\/revisions\/515"}],"wp:featuredmedia":[{"embeddable":true,"href":"https:\/\/www.pfadfinder-diessen.de\/index.php\/wp-json\/wp\/v2\/media\/514"}],"wp:attachment":[{"href":"https:\/\/www.pfadfinder-diessen.de\/index.php\/wp-json\/wp\/v2\/media?parent=513"}],"wp:term":[{"taxonomy":"category","embeddable":true,"href":"https:\/\/www.pfadfinder-diessen.de\/index.php\/wp-json\/wp\/v2\/categories?post=513"},{"taxonomy":"post_tag","embeddable":true,"href":"https:\/\/www.pfadfinder-diessen.de\/index.php\/wp-json\/wp\/v2\/tags?post=513"}],"curies":[{"name":"wp","href":"https:\/\/api.w.org\/{rel}","templated":true}]}}