{"id":532,"date":"2026-01-07T18:41:57","date_gmt":"2026-01-07T17:41:57","guid":{"rendered":"https:\/\/www.pfadfinder-diessen.de\/?p=532"},"modified":"2026-01-07T18:41:57","modified_gmt":"2026-01-07T17:41:57","slug":"anmeldung-zum-bula-offen","status":"publish","type":"post","link":"https:\/\/www.pfadfinder-diessen.de\/index.php\/2026\/01\/07\/anmeldung-zum-bula-offen\/","title":{"rendered":"Anmeldung zum BuLa offen!"},"content":{"rendered":"\n<p>Die Anmeldung zum Bundeslager ist offen! Eingeladen sind Elefanten, Eulen und die Wanderfalken.<\/p>\n\n\n\n<p>Die W\u00f6lflinge und die Turmfalken d\u00fcrfen vielleicht in vier Jahren, beim n\u00e4chsten Mal, mit.<br><\/p>\n\n\n\n<p>Mehr Infos: <a href=\"https:\/\/bundeslager.vcp.de\/\">https:\/\/bundeslager.vcp.de\/<\/a><\/p>\n\n\n\n<p>Anmeldung \u00fcber:<\/p>\n\n\n\n<figure class=\"wp-block-image size-full is-resized\"><img loading=\"lazy\" decoding=\"async\" width=\"490\" height=\"490\" src=\"https:\/\/www.pfadfinder-diessen.de\/wp-content\/uploads\/2025\/11\/VCP-Bundeslager-2026-VCP-Diessen-605009-qr-code.png\" alt=\"\" class=\"wp-image-531\" style=\"width:164px;height:auto\" srcset=\"https:\/\/www.pfadfinder-diessen.de\/wp-content\/uploads\/2025\/11\/VCP-Bundeslager-2026-VCP-Diessen-605009-qr-code.png 490w, https:\/\/www.pfadfinder-diessen.de\/wp-content\/uploads\/2025\/11\/VCP-Bundeslager-2026-VCP-Diessen-605009-qr-code-300x300.png 300w, https:\/\/www.pfadfinder-diessen.de\/wp-content\/uploads\/2025\/11\/VCP-Bundeslager-2026-VCP-Diessen-605009-qr-code-150x150.png 150w\" sizes=\"auto, (max-width: 490px) 100vw, 490px\" \/><\/figure>\n\n\n\n<p>oder direkt unter <a href=\"https:\/\/lama.vcp.de\/ui\/reg\/c1944321-6c2e-4efd-8587-76944bbce3f9\">https:\/\/lama.vcp.de\/ui\/reg\/c1944321-6c2e-4efd-8587-76944bbce3f9<\/a><\/p>\n\n\n\n<p>F\u00fcr R\u00fcckfragen und Hilfe wendet euch an euren Gruppenleiter, die StaF\u00fcs oder Joni und Stefan!<\/p>\n\n\n\n<p>Wir freuen uns auf euch!<\/p>\n","protected":false},"excerpt":{"rendered":"<p>Die Anmeldung zum Bundeslager ist offen! Eingeladen sind Elefanten, Eulen und die Wanderfalken. Die W\u00f6lflinge und die Turmfalken d\u00fcrfen vielleicht in vier Jahren, beim n\u00e4chsten Mal, mit. Mehr Infos: https:\/\/bundeslager.vcp.de\/ Anmeldung \u00fcber: oder direkt unter https:\/\/lama.vcp.de\/ui\/reg\/c1944321-6c2e-4efd-8587-76944bbce3f9 F\u00fcr R\u00fcckfragen und Hilfe wendet euch an euren Gruppenleiter, die StaF\u00fcs oder Joni und Stefan! Wir freuen uns auf [&hellip;]<\/p>\n","protected":false},"author":4,"featured_media":533,"comment_status":"closed","ping_status":"","sticky":false,"template":"","format":"standard","meta":{"footnotes":""},"categories":[39],"tags":[46,48,25,47],"class_list":["post-532","post","type-post","status-publish","format-standard","has-post-thumbnail","hentry","category-aktion","tag-bula","tag-bundeslager","tag-pfadfinden","tag-vcp"],"_links":{"self":[{"href":"https:\/\/www.pfadfinder-diessen.de\/index.php\/wp-json\/wp\/v2\/posts\/532","targetHints":{"allow":["GET"]}}],"collection":[{"href":"https:\/\/www.pfadfinder-diessen.de\/index.php\/wp-json\/wp\/v2\/posts"}],"about":[{"href":"https:\/\/www.pfadfinder-diessen.de\/index.php\/wp-json\/wp\/v2\/types\/post"}],"author":[{"embeddable":true,"href":"https:\/\/www.pfadfinder-diessen.de\/index.php\/wp-json\/wp\/v2\/users\/4"}],"replies":[{"embeddable":true,"href":"https:\/\/www.pfadfinder-diessen.de\/index.php\/wp-json\/wp\/v2\/comments?post=532"}],"version-history":[{"count":1,"href":"https:\/\/www.pfadfinder-diessen.de\/index.php\/wp-json\/wp\/v2\/posts\/532\/revisions"}],"predecessor-version":[{"id":534,"href":"https:\/\/www.pfadfinder-diessen.de\/index.php\/wp-json\/wp\/v2\/posts\/532\/revisions\/534"}],"wp:featuredmedia":[{"embeddable":true,"href":"https:\/\/www.pfadfinder-diessen.de\/index.php\/wp-json\/wp\/v2\/media\/533"}],"wp:attachment":[{"href":"https:\/\/www.pfadfinder-diessen.de\/index.php\/wp-json\/wp\/v2\/media?parent=532"}],"wp:term":[{"taxonomy":"category","embeddable":true,"href":"https:\/\/www.pfadfinder-diessen.de\/index.php\/wp-json\/wp\/v2\/categories?post=532"},{"taxonomy":"post_tag","embeddable":true,"href":"https:\/\/www.pfadfinder-diessen.de\/index.php\/wp-json\/wp\/v2\/tags?post=532"}],"curies":[{"name":"wp","href":"https:\/\/api.w.org\/{rel}","templated":true}]}}