{"id":645,"date":"2026-08-22T13:02:10","date_gmt":"2026-08-22T11:02:10","guid":{"rendered":"https:\/\/www.pfadfinder-diessen.de\/?p=645"},"modified":"2026-09-04T13:03:08","modified_gmt":"2026-09-04T11:03:08","slug":"bericht-ueber-das-bundeslager-in-almke","status":"publish","type":"post","link":"https:\/\/www.pfadfinder-diessen.de\/index.php\/2026\/08\/22\/bericht-ueber-das-bundeslager-in-almke\/","title":{"rendered":"Bericht \u00fcber das Bundeslager in Almke"},"content":{"rendered":"\n<h1 class=\"wp-block-heading\">Eine Zusammenfassung ohne Anspruch an Vollst\u00e4ndigkeit<\/h1>\n\n\n\n<p class=\"wp-block-paragraph\"><strong>30. Juli bis 8. August 2026<\/strong><\/p>\n\n\n\n<p class=\"wp-block-paragraph\">Vom 30. Juli bis zum 8. August 2026 nahm wir mit unsererm Stamm, dem Stamm S\u00f6cking und den Scouts aus San Gianne, Malta, als internationale Begegnung am Bundeslager in Almke teil. Insgesamt waren dort rund 5.000 Pfadfinderinnen. Unsere Gruppe war in ein Teillager und in eine Kochgruppe eingebunden. Die Kochgruppe teilte sich eine K\u00fcche und \u00fcbernahm gemeinsam die Zubereitung der Mahlzeiten. Das Bundeslager stand unter dem Motto \u201eungeschrieben \u2013 Geschichte wird, was du draus machst!\u201c. Die Spielidee f\u00fchrte in eine Bibliothek, deren feste Regeln von einer neuen Generation von Bibliothekar*innen infrage gestellt wurden. Im Teillager wurde diese Handlung mit einem bayerischen Lokalkrimi verbunden. Dabei ging es um eine verschwundene Statue, zu deren Auffinden die Teilnehmer*innen Aufgaben l\u00f6sen und Hinweise sammeln mussten.<\/p>\n\n\n\n<h2 class=\"wp-block-heading\">Anreise und Anfang des Lagers<\/h2>\n\n\n\n<h3 class=\"wp-block-heading\">30. Juli 2026 \u2013 Anreise und Aufbau<\/h3>\n\n\n\n<p class=\"wp-block-paragraph\">Am 30. Juli reisten die Teilnehmer*innen mit dem Zug an. Die internationalen Teilnehmer*innen kamen mit dem Flugzeug, w\u00e4hrend die Materialfuhre mit dem Pkw transportiert wurde. Wegen Bahnversp\u00e4tungen und starker Orkanb\u00f6en verz\u00f6gerte sich der Aufbau deutlich. Die Zelte und der Kochgruppenbereich konnten deshalb erst sp\u00e4ter als geplant eingerichtet werden. Die f\u00fcr diesen Tag vorgesehenen Kennenlernspiele mussten verschoben werden. Nach und nach wurden die Zelte aufgebaut und bezogen. Am Ende des Tages war der Lagerplatz soweit vorbereitet, dass das Programm am n\u00e4chsten Tag beginnen konnte.<\/p>\n\n\n\n<h3 class=\"wp-block-heading\">31. Juli 2026 \u2013 Kennenlernen<\/h3>\n\n\n\n<p class=\"wp-block-paragraph\">Am 31. Juli wurden die Kennenlernspiele nachgeholt. Die Teilnehmer*innen konnten sich dabei untereinander vorstellen und erste Kontakte kn\u00fcpfen. F\u00fcr die internationale Gruppe war dies au\u00dferdem eine Gelegenheit, miteinander ins Gespr\u00e4ch zu kommen. Neben den Spielen stand die Orientierung auf dem Lagerplatz im Vordergrund. Die Teilnehmer*innen lernten die Kochgruppe und das Teillager besser kennen. Nach dem verz\u00f6gerten Aufbau kehrte damit ein geregelter Ablauf ein. Der Tag diente vor allem dazu, in der Gruppe anzukommen und sich auf das weitere Lager einzustellen.<\/p>\n\n\n\n<h2 class=\"wp-block-heading\">Hauptteil des Lagers<\/h2>\n\n\n\n<h3 class=\"wp-block-heading\">1. August 2026 \u2013 International Scouting Game und Workshops<\/h3>\n\n\n\n<p class=\"wp-block-paragraph\">Am 1. August fand gemeinsam mit dem IST ein International Scouting Game statt. Nationale und internationale Teilnehmer*innen nahmen daran teil. Das Spiel bot die M\u00f6glichkeit, andere Gruppen kennenzulernen und miteinander in Kontakt zu kommen. Am Nachmittag wurden verschiedene Workshops angeboten. Zur Auswahl standen unter anderem Bogenschie\u00dfen, Splei\u00dfen und ein Besuch im Planetarium. Die Teilnehmer*innen konnten selbst entscheiden, welche Angebote sie wahrnehmen wollten. Die Workshops dauerten in der Regel zwei bis zweieinhalb Stunden.<\/p>\n\n\n\n<h3 class=\"wp-block-heading\">2. August 2026 \u2013 Workshops und Poetry-Slam<\/h3>\n\n\n\n<p class=\"wp-block-paragraph\">Am 2. August wurden erneut Workshops am Vormittag und am Nachmittag angeboten. Die Teilnehmeri*nnen konnten weitere Angebote der Programmzentren besuchen. Dabei konnten sie sowohl allein als auch gemeinsam mit anderen aus der Gruppe teilnehmen. Das Programm erm\u00f6glichte verschiedene Aktivit\u00e4ten mit unterschiedlichen Schwerpunkten. Am Abend fand auf der Hauptb\u00fchne ein Poetry-Slam statt. Dort trugen Teilnehmer*innen eigene Texte vor. Damit endete der Tag mit einem Programmpunkt, der sich von den Workshops unterschied.<\/p>\n\n\n\n<h3 class=\"wp-block-heading\">3. August 2026 \u2013 Lokalkrimi und Halbzeitparty<\/h3>\n\n\n\n<p class=\"wp-block-paragraph\">Am 3. August nahm die Gruppe am weiteren Programm des Lokalkrimis im Teillager teil. Die Teilnehmer*innen l\u00f6sten Aufgaben und sammelten neue Hinweise zur verschwundenen Statue. Die einzelnen Aufgaben waren Teil der laufenden Geschichte des Teillagers. Am Abend fand eine Halbzeitparty statt. In der Nacht regnete es stark. F\u00fcr die maltesischen Teilnehmer*innen war das ungewohnt, da Regentage in Malta normalerweise eher zum Ausruhen genutzt werden. Der Regen blieb zun\u00e4chst ohne gr\u00f6\u00dfere Folgen f\u00fcr den Lagerbetrieb.<\/p>\n\n\n\n<h3 class=\"wp-block-heading\">4. August 2026 \u2013 Bauernhof, Schwimmbad und Gewitter<\/h3>\n\n\n\n<p class=\"wp-block-paragraph\">Am Vormittag nahm die Gruppe an einem von uns extra organisierten, als \u201eErnteeinsatz\u201c bezeichneten Programmpunkt teil. Tats\u00e4chlich bestand dieser vor allem aus mehreren kleineren Aufgaben auf einem Bauernhof und einer ausf\u00fchrlichen F\u00fchrung. Die Teilnehmerinnen erhielten dabei Informationen \u00fcber den Hof und die regionale Landwirtschaft. Au\u00dferdem wurde erkl\u00e4rt, woher ein Teil der Lebensmittel f\u00fcr das Bundeslager stammte. Mit einer sehr gelduldigen B\u00e4uerin und k\u00fchlen Getr\u00e4nken ein Gruppen\u00fcbergreifendes Highlight.<\/p>\n\n\n\n<p class=\"wp-block-paragraph\"> Am Nachmittag fand auf der Hauptb\u00fchne der International Afternoon mit internationalen Beitr\u00e4gen und Informationsst\u00e4nden statt. Unsere Teilnehmerinnen entschieden sich jedoch, stattdessen lieber ins Schwimmbad zu gehen &#8211; das k\u00fchle Nass war zu verlockend.<\/p>\n\n\n\n<p class=\"wp-block-paragraph\">In der Nacht zog eine gro\u00dfe Gewitterzelle \u00fcber das Bundeslager. Dabei st\u00fcrzte unser K\u00fcchenzelt teilweise ein. Es wurde gemeinsam wieder gesichert, anschlie\u00dfend wurden auch die \u00fcbrigen Zelte noch einmal nachgespannt. Kurz darauf n\u00e4herte sich eine weitere, gr\u00f6\u00dfere Gewitterzelle. Daraufhin wurden alle Teilnehmer*innen in die gro\u00dfen Versorgungszelte evakuiert. Die Gewitterzelle teilte sich wenige Kilometer vor dem Bundeslager und zog in zwei Teilen am Lager vorbei. Eine starke B\u00f6e brachte ein unserer Abwesenheit ein Leiterzelt, eine Hochkothe, zum Einsturz. Noch in derselben Nacht konnten wir auf unseren Lagerplatz zur\u00fcckkehren. Insgesamt entstanden uns nur geringe Sch\u00e4den, andere Gruppen hatten Teils schwere Sch\u00e4den, aber wir waren gut vorbereitet und hatten auch eine gute Portion Gl\u00fcck, dass die fallende Hochkothe g\u00fcnstig fiel.<\/p>\n\n\n\n<h3 class=\"wp-block-heading\">5. August 2026 \u2013 Ausfall des Hajks und Aufr\u00e4umarbeiten<\/h3>\n\n\n\n<p class=\"wp-block-paragraph\">F\u00fcr den 5. August war eine Wanderung mit \u00dcbernachtung, ein Hajk, geplant. Die Gruppe wollte zu dem Bauernhof wandern, den sie am Vortag besucht hatte. Nach der Evakuierung in der Nacht hatten die Teilnehmer*innen jedoch nur wenig geschlafen. Au\u00dferdem waren auf dem Lagerplatz noch Aufr\u00e4umarbeiten notwendig. Der Hajk konnte deshalb nicht stattfinden. Stattdessen wurden der Lagerplatz und das Material \u00fcberpr\u00fcft und wieder hergerichtet. Der Tag verlief dadurch ruhiger als urspr\u00fcnglich geplant. <\/p>\n\n\n\n<h3 class=\"wp-block-heading\">6. August 2026 \u2013 Gro\u00dfspiel und Potluck<\/h3>\n\n\n\n<p class=\"wp-block-paragraph\">Am 6. August nahm die Gruppe am Gro\u00dfspiel des Bundeslagers teil. Dabei spielten mehrere Tausend Pfadfinder*innen gleichzeitig im Gel\u00e4nde. Die Aufgaben waren Teil der Geschichte des Bundeslagers. Die Gruppe konnte durch ihre Entscheidungen und Ergebnisse m\u00f6glicherweise Einfluss auf den weiteren Verlauf nehmen. Am Nachmittag fand ein internationales Potluck f\u00fcr die Kochgruppen, internationale G\u00e4ste und das IST statt. Jede Kochgruppe sollte ein typisches vegetarisches Gericht aus ihrer Region zubereiten. Wir bereiteten ein traditionelles maltesisches Gericht und Allg\u00e4uer K\u00e4sspatzen zu. Die Zubereitung der K\u00e4sspatzen verz\u00f6gerte sich, weil die Zutaten deutlich zu sp\u00e4t bereitgestellt wurden. Deswegen konnten wir diese leider nicht teilen&#8230; <\/p>\n\n\n\n<h3 class=\"wp-block-heading\">7. August 2026 \u2013 Abschlussveranstaltungen<\/h3>\n\n\n\n<p class=\"wp-block-paragraph\">Am Vormittag wurden nochmals verschiedene Workshops angeboten. Im weiteren Tagesverlauf fanden die Abschlussveranstaltungen des Teillagers und des Bundeslagers statt. Damit wurde das gemeinsame Programm beendet. Bei den Veranstaltungen wurde auf die vergangenen Tage zur\u00fcckgeblickt. Zu den Programmpunkten des Lagers hatten unter anderem Workshops, internationale Treffen, das Gro\u00dfspiel und der Lokalkrimi geh\u00f6rt. Auch die Folgen des Unwetters waren Teil des Lagerverlaufs. Nach dem Abschluss blieb noch Zeit, letzte Dinge zu packen und den Abbau vorzubereiten.<\/p>\n\n\n\n<h2 class=\"wp-block-heading\">Abschluss und Abreise<\/h2>\n\n\n\n<h3 class=\"wp-block-heading\">8. August 2026 \u2013 Abbau und Abreise<\/h3>\n\n\n\n<p class=\"wp-block-paragraph\">Am 8. August wurden die Zelte abgebaut. Danach wurde der Kochgruppenbereich ger\u00e4umt und das Material sortiert. Der Anh\u00e4nger wurde beladen und f\u00fcr den R\u00fccktransport vorbereitet. Die Gruppe kontrollierte den Lagerplatz und hinterlie\u00df ihn aufger\u00e4umt. Anschlie\u00dfend trat sie die Abreise an. Die R\u00fcckfahrt erfolgte auf \u00e4hnlichem Weg wie die Anreise. Damit endete das Bundeslager f\u00fcr unsere Gruppe.<\/p>\n\n\n\n<h2 class=\"wp-block-heading\">Zusammenfassung<\/h2>\n\n\n\n<p class=\"wp-block-paragraph\">Der Ablauf des Bundeslagers wich an einigen Stellen von der urspr\u00fcnglichen Planung ab. Die Anreise und der Aufbau verz\u00f6gerten sich wegen Bahnversp\u00e4tungen und starker B\u00f6en. Die Kennenlernspiele wurden deshalb am 31. Juli nachgeholt. Der Ernteeinsatz bestand haupts\u00e4chlich aus kleineren Aufgaben und einer F\u00fchrung. Der geplante Hajk am 5. August musste nach der n\u00e4chtlichen Evakuierung ausfallen. Besonders aufwendig war die Sicherung des Lagerplatzes w\u00e4hrend der Gewitter in der Nacht zum 5. August. Gr\u00f6\u00dfere Sch\u00e4den entstanden dabei f\u00fcr uns nicht, andere Gruppen hatten weniger Gl\u00fcck. Die \u00fcbrigen Programmpunkte konnten weitgehend wie vorgesehen stattfinden. Dazu geh\u00f6rten das International Scouting Game, die Workshops, der Lokalkrimi, das Gro\u00dfspiel, das internationale Potluck und die Abschlussveranstaltungen.<\/p>\n\n\n\n<figure class=\"wp-block-gallery has-nested-images columns-default is-cropped wp-block-gallery-1 is-layout-flex wp-block-gallery-is-layout-flex\">\n<figure class=\"wp-block-image size-large\"><img loading=\"lazy\" decoding=\"async\" width=\"1024\" height=\"768\" data-id=\"648\" src=\"https:\/\/www.pfadfinder-diessen.de\/wp-content\/uploads\/2026\/09\/30456-1024x768.jpg\" alt=\"\" class=\"wp-image-648\" srcset=\"https:\/\/www.pfadfinder-diessen.de\/wp-content\/uploads\/2026\/09\/30456-1024x768.jpg 1024w, https:\/\/www.pfadfinder-diessen.de\/wp-content\/uploads\/2026\/09\/30456-300x225.jpg 300w, https:\/\/www.pfadfinder-diessen.de\/wp-content\/uploads\/2026\/09\/30456-768x576.jpg 768w, https:\/\/www.pfadfinder-diessen.de\/wp-content\/uploads\/2026\/09\/30456-1536x1152.jpg 1536w, https:\/\/www.pfadfinder-diessen.de\/wp-content\/uploads\/2026\/09\/30456.jpg 1920w\" sizes=\"auto, (max-width: 1024px) 100vw, 1024px\" \/><figcaption class=\"wp-element-caption\">K\u00e4sspatzen Allg\u00e4uer Art<\/figcaption><\/figure>\n\n\n\n<figure class=\"wp-block-image size-large\"><img loading=\"lazy\" decoding=\"async\" width=\"1024\" height=\"768\" data-id=\"652\" src=\"https:\/\/www.pfadfinder-diessen.de\/wp-content\/uploads\/2026\/09\/30457-1024x768.jpg\" alt=\"\" class=\"wp-image-652\" srcset=\"https:\/\/www.pfadfinder-diessen.de\/wp-content\/uploads\/2026\/09\/30457-1024x768.jpg 1024w, https:\/\/www.pfadfinder-diessen.de\/wp-content\/uploads\/2026\/09\/30457-300x225.jpg 300w, https:\/\/www.pfadfinder-diessen.de\/wp-content\/uploads\/2026\/09\/30457-768x576.jpg 768w, https:\/\/www.pfadfinder-diessen.de\/wp-content\/uploads\/2026\/09\/30457-1536x1152.jpg 1536w, https:\/\/www.pfadfinder-diessen.de\/wp-content\/uploads\/2026\/09\/30457.jpg 1920w\" sizes=\"auto, (max-width: 1024px) 100vw, 1024px\" \/><figcaption class=\"wp-element-caption\">Maltesische gebratene Nudeln <\/figcaption><\/figure>\n\n\n\n<figure class=\"wp-block-image size-large\"><img loading=\"lazy\" decoding=\"async\" width=\"1024\" height=\"769\" data-id=\"653\" src=\"https:\/\/www.pfadfinder-diessen.de\/wp-content\/uploads\/2026\/09\/30458-1024x769.jpg\" alt=\"\" class=\"wp-image-653\" srcset=\"https:\/\/www.pfadfinder-diessen.de\/wp-content\/uploads\/2026\/09\/30458-1024x769.jpg 1024w, https:\/\/www.pfadfinder-diessen.de\/wp-content\/uploads\/2026\/09\/30458-300x225.jpg 300w, https:\/\/www.pfadfinder-diessen.de\/wp-content\/uploads\/2026\/09\/30458-768x577.jpg 768w, https:\/\/www.pfadfinder-diessen.de\/wp-content\/uploads\/2026\/09\/30458-1536x1154.jpg 1536w, https:\/\/www.pfadfinder-diessen.de\/wp-content\/uploads\/2026\/09\/30458.jpg 1920w\" sizes=\"auto, (max-width: 1024px) 100vw, 1024px\" \/><figcaption class=\"wp-element-caption\">Eine Oasenkonstruktion<\/figcaption><\/figure>\n\n\n\n<figure class=\"wp-block-image size-large\"><img loading=\"lazy\" decoding=\"async\" width=\"1024\" height=\"769\" data-id=\"651\" src=\"https:\/\/www.pfadfinder-diessen.de\/wp-content\/uploads\/2026\/09\/30459-1024x769.jpg\" alt=\"\" class=\"wp-image-651\" srcset=\"https:\/\/www.pfadfinder-diessen.de\/wp-content\/uploads\/2026\/09\/30459-1024x769.jpg 1024w, https:\/\/www.pfadfinder-diessen.de\/wp-content\/uploads\/2026\/09\/30459-300x225.jpg 300w, https:\/\/www.pfadfinder-diessen.de\/wp-content\/uploads\/2026\/09\/30459-768x576.jpg 768w, https:\/\/www.pfadfinder-diessen.de\/wp-content\/uploads\/2026\/09\/30459-1536x1153.jpg 1536w, https:\/\/www.pfadfinder-diessen.de\/wp-content\/uploads\/2026\/09\/30459.jpg 1920w\" sizes=\"auto, (max-width: 1024px) 100vw, 1024px\" \/><figcaption class=\"wp-element-caption\">Caf\u00e9 bei Nacht<\/figcaption><\/figure>\n\n\n\n<figure class=\"wp-block-image size-large\"><img loading=\"lazy\" decoding=\"async\" width=\"1024\" height=\"769\" data-id=\"649\" src=\"https:\/\/www.pfadfinder-diessen.de\/wp-content\/uploads\/2026\/09\/30460-1024x769.jpg\" alt=\"\" class=\"wp-image-649\" srcset=\"https:\/\/www.pfadfinder-diessen.de\/wp-content\/uploads\/2026\/09\/30460-1024x769.jpg 1024w, https:\/\/www.pfadfinder-diessen.de\/wp-content\/uploads\/2026\/09\/30460-300x225.jpg 300w, https:\/\/www.pfadfinder-diessen.de\/wp-content\/uploads\/2026\/09\/30460-768x576.jpg 768w, https:\/\/www.pfadfinder-diessen.de\/wp-content\/uploads\/2026\/09\/30460-1536x1153.jpg 1536w, https:\/\/www.pfadfinder-diessen.de\/wp-content\/uploads\/2026\/09\/30460.jpg 1920w\" sizes=\"auto, (max-width: 1024px) 100vw, 1024px\" \/><figcaption class=\"wp-element-caption\">Wo gehts hin zu&#8230;.?<\/figcaption><\/figure>\n\n\n\n<figure class=\"wp-block-image size-large\"><img loading=\"lazy\" decoding=\"async\" width=\"1024\" height=\"769\" data-id=\"654\" src=\"https:\/\/www.pfadfinder-diessen.de\/wp-content\/uploads\/2026\/09\/30461-1024x769.jpg\" alt=\"\" class=\"wp-image-654\" srcset=\"https:\/\/www.pfadfinder-diessen.de\/wp-content\/uploads\/2026\/09\/30461-1024x769.jpg 1024w, https:\/\/www.pfadfinder-diessen.de\/wp-content\/uploads\/2026\/09\/30461-300x225.jpg 300w, https:\/\/www.pfadfinder-diessen.de\/wp-content\/uploads\/2026\/09\/30461-768x576.jpg 768w, https:\/\/www.pfadfinder-diessen.de\/wp-content\/uploads\/2026\/09\/30461-1536x1153.jpg 1536w, https:\/\/www.pfadfinder-diessen.de\/wp-content\/uploads\/2026\/09\/30461.jpg 1920w\" sizes=\"auto, (max-width: 1024px) 100vw, 1024px\" \/><figcaption class=\"wp-element-caption\">Teillagerprogramm<\/figcaption><\/figure>\n\n\n\n<figure class=\"wp-block-image size-large\"><img loading=\"lazy\" decoding=\"async\" width=\"1024\" height=\"769\" data-id=\"650\" src=\"https:\/\/www.pfadfinder-diessen.de\/wp-content\/uploads\/2026\/09\/30462-1024x769.jpg\" alt=\"\" class=\"wp-image-650\" srcset=\"https:\/\/www.pfadfinder-diessen.de\/wp-content\/uploads\/2026\/09\/30462-1024x769.jpg 1024w, https:\/\/www.pfadfinder-diessen.de\/wp-content\/uploads\/2026\/09\/30462-300x225.jpg 300w, https:\/\/www.pfadfinder-diessen.de\/wp-content\/uploads\/2026\/09\/30462-768x576.jpg 768w, https:\/\/www.pfadfinder-diessen.de\/wp-content\/uploads\/2026\/09\/30462-1536x1153.jpg 1536w, https:\/\/www.pfadfinder-diessen.de\/wp-content\/uploads\/2026\/09\/30462.jpg 1920w\" sizes=\"auto, (max-width: 1024px) 100vw, 1024px\" \/><figcaption class=\"wp-element-caption\">Flei\u00dfige K\u00f6che<\/figcaption><\/figure>\n<\/figure>\n","protected":false},"excerpt":{"rendered":"<p>Eine Zusammenfassung ohne Anspruch an Vollst\u00e4ndigkeit 30. Juli bis 8. August 2026 Vom 30. Juli bis zum 8. August 2026 nahm wir mit unsererm Stamm, dem Stamm S\u00f6cking und den Scouts aus San Gianne, Malta, als internationale Begegnung am Bundeslager in Almke teil. Insgesamt waren dort rund 5.000 Pfadfinderinnen. Unsere Gruppe war in ein Teillager [&hellip;]<\/p>\n","protected":false},"author":4,"featured_media":647,"comment_status":"closed","ping_status":"","sticky":false,"template":"","format":"standard","meta":{"footnotes":""},"categories":[66],"tags":[46,28,47,31],"class_list":["post-645","post","type-post","status-publish","format-standard","has-post-thumbnail","hentry","category-lager","tag-bula","tag-international","tag-vcp","tag-zeltlager"],"_links":{"self":[{"href":"https:\/\/www.pfadfinder-diessen.de\/index.php\/wp-json\/wp\/v2\/posts\/645","targetHints":{"allow":["GET"]}}],"collection":[{"href":"https:\/\/www.pfadfinder-diessen.de\/index.php\/wp-json\/wp\/v2\/posts"}],"about":[{"href":"https:\/\/www.pfadfinder-diessen.de\/index.php\/wp-json\/wp\/v2\/types\/post"}],"author":[{"embeddable":true,"href":"https:\/\/www.pfadfinder-diessen.de\/index.php\/wp-json\/wp\/v2\/users\/4"}],"replies":[{"embeddable":true,"href":"https:\/\/www.pfadfinder-diessen.de\/index.php\/wp-json\/wp\/v2\/comments?post=645"}],"version-history":[{"count":2,"href":"https:\/\/www.pfadfinder-diessen.de\/index.php\/wp-json\/wp\/v2\/posts\/645\/revisions"}],"predecessor-version":[{"id":655,"href":"https:\/\/www.pfadfinder-diessen.de\/index.php\/wp-json\/wp\/v2\/posts\/645\/revisions\/655"}],"wp:featuredmedia":[{"embeddable":true,"href":"https:\/\/www.pfadfinder-diessen.de\/index.php\/wp-json\/wp\/v2\/media\/647"}],"wp:attachment":[{"href":"https:\/\/www.pfadfinder-diessen.de\/index.php\/wp-json\/wp\/v2\/media?parent=645"}],"wp:term":[{"taxonomy":"category","embeddable":true,"href":"https:\/\/www.pfadfinder-diessen.de\/index.php\/wp-json\/wp\/v2\/categories?post=645"},{"taxonomy":"post_tag","embeddable":true,"href":"https:\/\/www.pfadfinder-diessen.de\/index.php\/wp-json\/wp\/v2\/tags?post=645"}],"curies":[{"name":"wp","href":"https:\/\/api.w.org\/{rel}","templated":true}]}}